{"id":7194,"date":"2024-06-03T15:47:32","date_gmt":"2024-06-03T18:47:32","guid":{"rendered":"https:\/\/fernandeschristofaro.com.br\/?p=7194"},"modified":"2024-09-29T20:36:58","modified_gmt":"2024-09-29T23:36:58","slug":"inteligencia-artificial-no-banco-dos-reus","status":"publish","type":"post","link":"https:\/\/fernandeschristofaro.com.br\/2024\/06\/03\/inteligencia-artificial-no-banco-dos-reus\/","title":{"rendered":"INTELIG\u00caNCIA ARTIFICIAL NO BANCO DOS R\u00c9US"},"content":{"rendered":"\t\t<div data-elementor-type=\"wp-post\" data-elementor-id=\"7194\" class=\"elementor elementor-7194\" data-elementor-post-type=\"post\">\n\t\t\t\t\t\t<section class=\"elementor-section elementor-top-section elementor-element elementor-element-614cbe60 elementor-section-boxed elementor-section-height-default elementor-section-height-default\" data-id=\"614cbe60\" data-element_type=\"section\">\n\t\t\t\t\t\t<div class=\"elementor-container elementor-column-gap-default\">\n\t\t\t\t\t<div class=\"elementor-column elementor-col-100 elementor-top-column elementor-element elementor-element-7123f05\" data-id=\"7123f05\" data-element_type=\"column\">\n\t\t\t<div class=\"elementor-widget-wrap elementor-element-populated\">\n\t\t\t\t\t\t<div class=\"elementor-element elementor-element-190a894d elementor-widget elementor-widget-text-editor\" data-id=\"190a894d\" data-element_type=\"widget\" data-widget_type=\"text-editor.default\">\n\t\t\t\t<div class=\"elementor-widget-container\">\n\t\t\t\t\t<div class=\"bb-theme-elementor-wrap bb-elementor-custom-family bb-elementor-custom-size\">\t\t\t\t<p>Um dos temas mais sens\u00edveis quando falamos em intelig\u00eancia artificial \u00e9 a rela\u00e7\u00e3o dela com os direitos autorais alheios. N\u00e3o faltam queixas a respeito do assunto. Ali\u00e1s, outro dia falei&nbsp;<a href=\"https:\/\/fernandeschristofaro.com.br\/2024\/02\/19\/inteligencia-artificial-sora-dominio-publico-e-criatividade-uma-combinacao-lucrativa\/\" target=\"_blank\" rel=\"noopener\">sobre I.A. e dom\u00ednio p\u00fablico aqui<\/a>.<\/p><p>O assunto mudou de status essa semana. Saiu do campo das reclama\u00e7\u00f5es e ganhou roupagem judicial. Isso porque, oito jornais decidiram processar a Open IA e a Microsoft por viola\u00e7\u00e3o a direitos autoriais.<br><br>Curioso observar que as a\u00e7\u00f5es n\u00e3o t\u00eam como objetivo principal conseguir indeniza\u00e7\u00f5es ou acordos, como vemos comumente. Pelo contr\u00e1rio, os jornais adotaram postura ainda mais en\u00e9rgica: eles querem a suspens\u00e3o do uso!<\/p>\n<p>O motivo \u00e9 que a \u201cfonte\u201d onde a I.A. bebe para se abastecer de conte\u00fado \u00e9 justamente a produ\u00e7\u00e3o intelectual de referidos jornais.<\/p>\n<p>O que eles pensam: opa! Espera a\u00ed! Al\u00e9m de prejudicar os neg\u00f3cios voc\u00eas ainda querem utilizar nosso pr\u00f3prio conte\u00fado para isso? Pera l\u00e1! O Judici\u00e1rio precisa intervir.<\/p>\n<p>Para piorar a situa\u00e7\u00e3o, as acusa\u00e7\u00f5es d\u00e3o conta de que al\u00e9m de usar sem autoriza\u00e7\u00e3o o conte\u00fado, as empresas sequer citam a fonte, ou, ainda, inventam mat\u00e9rias jornal\u00edsticas que nunca existiram.<\/p>\n<p>Trazendo para o mundo jur\u00eddico brasileiro:<\/p>\n<p>A Lei de Direito Autoral brasileira determina que para usar a produ\u00e7\u00e3o intelectual de algu\u00e9m voc\u00ea precisa de uma autoriza\u00e7\u00e3o. O que n\u00e3o costuma existir quando se fala em intelig\u00eancia artificial. As not\u00edcias dizem que elas veem se abastecendo de diversos conte\u00fados escritos, de \u00e1udio e de imagem sem autoriza\u00e7\u00e3o dos respectivos propriet\u00e1rios.<\/p>\n<p>A pr\u00e1tica, em tese, ignora os direitos morais e patrimoniais dos autores. Os materiais no que diz respeito ao pagamento em contrapartida ao uso e os morais em decorr\u00eancia da aus\u00eancia de cita\u00e7\u00e3o do autor.<\/p>\n<p>O tema ainda vai dar pano pra manga.<\/p>\n<p><i>Imagem criada via Gemini.<\/i><\/p>\t\t\t\t<\/div>\t\t\t\t<\/div>\n\t\t\t\t<\/div>\n\t\t\t\t\t<\/div>\n\t\t<\/div>\n\t\t\t\t\t<\/div>\n\t\t<\/section>\n\t\t\t\t<\/div>\n\t\t","protected":false},"excerpt":{"rendered":"<p>Um dos temas mais sens\u00edveis quando falamos em intelig\u00eancia artificial \u00e9 a rela\u00e7\u00e3o dela com os direitos autorais alheios. N\u00e3o faltam queixas a respeito do&hellip;<\/p>\n","protected":false},"author":77,"featured_media":7195,"comment_status":"open","ping_status":"open","sticky":false,"template":"","format":"standard","meta":{"footnotes":""},"categories":[135],"tags":[130],"class_list":["post-7194","post","type-post","status-publish","format-standard","has-post-thumbnail","hentry","category-nucleo-artistas-propriedade-intelectual","tag-nucleo-artistas-e-propriedade-intelectual"],"_links":{"self":[{"href":"https:\/\/fernandeschristofaro.com.br\/api\/wp\/v2\/posts\/7194","targetHints":{"allow":["GET"]}}],"collection":[{"href":"https:\/\/fernandeschristofaro.com.br\/api\/wp\/v2\/posts"}],"about":[{"href":"https:\/\/fernandeschristofaro.com.br\/api\/wp\/v2\/types\/post"}],"author":[{"embeddable":true,"href":"https:\/\/fernandeschristofaro.com.br\/api\/wp\/v2\/users\/77"}],"replies":[{"embeddable":true,"href":"https:\/\/fernandeschristofaro.com.br\/api\/wp\/v2\/comments?post=7194"}],"version-history":[{"count":3,"href":"https:\/\/fernandeschristofaro.com.br\/api\/wp\/v2\/posts\/7194\/revisions"}],"predecessor-version":[{"id":7202,"href":"https:\/\/fernandeschristofaro.com.br\/api\/wp\/v2\/posts\/7194\/revisions\/7202"}],"wp:featuredmedia":[{"embeddable":true,"href":"https:\/\/fernandeschristofaro.com.br\/api\/wp\/v2\/media\/7195"}],"wp:attachment":[{"href":"https:\/\/fernandeschristofaro.com.br\/api\/wp\/v2\/media?parent=7194"}],"wp:term":[{"taxonomy":"category","embeddable":true,"href":"https:\/\/fernandeschristofaro.com.br\/api\/wp\/v2\/categories?post=7194"},{"taxonomy":"post_tag","embeddable":true,"href":"https:\/\/fernandeschristofaro.com.br\/api\/wp\/v2\/tags?post=7194"}],"curies":[{"name":"wp","href":"https:\/\/api.w.org\/{rel}","templated":true}]}}