{"id":7176,"date":"2024-04-29T14:51:17","date_gmt":"2024-04-29T17:51:17","guid":{"rendered":"https:\/\/fernandeschristofaro.com.br\/?p=7176"},"modified":"2024-09-29T20:37:19","modified_gmt":"2024-09-29T23:37:19","slug":"a-inteligencia-artificial-tem-corpo-mas-nao-tem-alma","status":"publish","type":"post","link":"https:\/\/fernandeschristofaro.com.br\/2024\/04\/29\/a-inteligencia-artificial-tem-corpo-mas-nao-tem-alma\/","title":{"rendered":"A INTELIG\u00caNCIA ARTIFICIAL TEM CORPO, MAS N\u00c3O TEM ALMA"},"content":{"rendered":"\t\t<div data-elementor-type=\"wp-post\" data-elementor-id=\"7176\" class=\"elementor elementor-7176\" data-elementor-post-type=\"post\">\n\t\t\t\t\t\t<section class=\"elementor-section elementor-top-section elementor-element elementor-element-24579331 elementor-section-boxed elementor-section-height-default elementor-section-height-default\" data-id=\"24579331\" data-element_type=\"section\">\n\t\t\t\t\t\t<div class=\"elementor-container elementor-column-gap-default\">\n\t\t\t\t\t<div class=\"elementor-column elementor-col-100 elementor-top-column elementor-element elementor-element-1d4f69ca\" data-id=\"1d4f69ca\" data-element_type=\"column\">\n\t\t\t<div class=\"elementor-widget-wrap elementor-element-populated\">\n\t\t\t\t\t\t<div class=\"elementor-element elementor-element-5966c44f elementor-widget elementor-widget-text-editor\" data-id=\"5966c44f\" data-element_type=\"widget\" data-widget_type=\"text-editor.default\">\n\t\t\t\t<div class=\"elementor-widget-container\">\n\t\t\t\t\t<div class=\"bb-theme-elementor-wrap bb-elementor-custom-family bb-elementor-custom-size\">\t\t\t\t<p><span style=\"font-weight: 400;\">S\u00f3 se fala nela. Aqui tamb\u00e9m \u00e9 assim. Mas hoje, ao ler um texto claramente elaborado por uma I.A., me surgiu um sentimento que resolvi escrever a respeito.<br><\/span><br>Quem estuda um pouco mais a fundo o uso da I.A. come\u00e7a a perceber, sem muito esfor\u00e7o, quando um texto foi feito por ela.&nbsp;<\/p>\n<p><span style=\"font-weight: 400;\">Na escola, no trabalho, entre colegas\u2026 \u00e9 percept\u00edvel a diferen\u00e7a de quem escreveu.<\/span><\/p>\n<p><span style=\"font-weight: 400;\">Todas as vezes que leio um texto de algu\u00e9m que admiro, que gosto das ideias, eu me sinto em contato com aquela pessoa, com os seus valores, com o seu conhecimento, com os seus princ\u00edpios, de certa forma com a sua intimidade.<\/span><\/p>\n<p><span style=\"font-weight: 400;\">A \u00fanica chance de \u201cestarmos\u201d com pessoas magn\u00edficas que de modo algum ter\u00edamos essa oportunidade.<\/span><\/p>\n<p><span style=\"font-weight: 400;\">O texto \u00e9 a exterioriza\u00e7\u00e3o daquilo que o seu cora\u00e7\u00e3o e a sua cabe\u00e7a est\u00e3o cheios. E quando uma pessoa escreve, conhecemos e esperamos o jeito dela, a sua ironia, os seus trejeitos na escrita e at\u00e9 os seus erros.<\/span><\/p>\n<p><span style=\"font-weight: 400;\">Quando um texto \u00e9 reescrito ou elaborado por uma intelig\u00eancia artificial, o que teremos nada mais \u00e9 do que um sentimento artificial.<\/span><\/p>\n<p><span style=\"font-weight: 400;\">Do ponto de vista redacional, o texto estar\u00e1 impec\u00e1vel, coeso, bem estruturado\u2026 Por\u00e9m, o seu texto ter\u00e1 corpo, mas n\u00e3o ter\u00e1 alma.<\/span><\/p>\n<p><span style=\"font-weight: 400;\">E isso \u00e9 extremamente importante e valioso. Fazendo um paralelo, j\u00e1 notou a diferen\u00e7a entre algo artesanal, \u201cfeito a m\u00e3o\u201d, em compara\u00e7\u00e3o para algo industrializado? Viu a diferen\u00e7a de valor? Porque feito a m\u00e3o tem alma, tem hist\u00f3ria, tem contato, tem gente. Sempre foi assim.<\/span><\/p>\n<p><span style=\"font-weight: 400;\">A internet primeiro afastou fisicamente as pessoas, mas elas ainda conseguiam se \u201cver\u201d em meio aos textos, posts, v\u00eddeos e fotos.<\/span><\/p>\n<p><span style=\"font-weight: 400;\">Agora, a mesma internet est\u00e1 nos afastando virtualmente. N\u00e3o nos conhecemos mais nas fotos editadas (cheias de filtros e efeitos), nos coment\u00e1rios&nbsp; e curtidas robotizados etc.<\/span><\/p>\n<p><span style=\"font-weight: 400;\">O golpe derradeiro vem da I.A., que definitivamente eliminar\u00e1 o resto de humanidade que t\u00ednhamos por aqui. O ciclo da artificialidade est\u00e1 completo.&nbsp;<\/span><\/p>\n<p><span style=\"font-weight: 400;\">Pessoas j\u00e1 sentem o golpe. O uso da internet vem caindo. Que ironia, a internet est\u00e1 nos tirando da internet.<\/span><\/p>\n<p><span style=\"font-weight: 400;\">A internet jamais deixar\u00e1 de existir, mas da forma como a conhecemos sim. Possivelmente, seremos a \u00faltima gera\u00e7\u00e3o a us\u00e1-la como meio de intera\u00e7\u00e3o e n\u00e3o exclusivamente ferramenta de trabalho ou mera \u201cfacilitie\u201d.<\/span><\/p>\n<p><span style=\"font-weight: 400;\">Obs.: a i.a. me ajudou com a imagem, jamais com o texto! Facilitie! <\/span><span style=\"font-weight: 400;\"><img decoding=\"async\" draggable=\"false\" role=\"img\" class=\"emoji\" alt=\"\ud83d\ude0a\" src=\"https:\/\/s.w.org\/images\/core\/emoji\/13.1.0\/svg\/1f60a.svg\"><\/span><\/p>\t\t\t\t<\/div>\t\t\t\t<\/div>\n\t\t\t\t<\/div>\n\t\t\t\t\t<\/div>\n\t\t<\/div>\n\t\t\t\t\t<\/div>\n\t\t<\/section>\n\t\t\t\t<\/div>\n\t\t","protected":false},"excerpt":{"rendered":"<p>S\u00f3 se fala nela. Aqui tamb\u00e9m \u00e9 assim. Mas hoje, ao ler um texto claramente elaborado por uma I.A., me surgiu um sentimento que resolvi&hellip;<\/p>\n","protected":false},"author":77,"featured_media":7177,"comment_status":"open","ping_status":"open","sticky":false,"template":"","format":"standard","meta":{"footnotes":""},"categories":[135],"tags":[130],"class_list":["post-7176","post","type-post","status-publish","format-standard","has-post-thumbnail","hentry","category-nucleo-artistas-propriedade-intelectual","tag-nucleo-artistas-e-propriedade-intelectual"],"_links":{"self":[{"href":"https:\/\/fernandeschristofaro.com.br\/api\/wp\/v2\/posts\/7176","targetHints":{"allow":["GET"]}}],"collection":[{"href":"https:\/\/fernandeschristofaro.com.br\/api\/wp\/v2\/posts"}],"about":[{"href":"https:\/\/fernandeschristofaro.com.br\/api\/wp\/v2\/types\/post"}],"author":[{"embeddable":true,"href":"https:\/\/fernandeschristofaro.com.br\/api\/wp\/v2\/users\/77"}],"replies":[{"embeddable":true,"href":"https:\/\/fernandeschristofaro.com.br\/api\/wp\/v2\/comments?post=7176"}],"version-history":[{"count":4,"href":"https:\/\/fernandeschristofaro.com.br\/api\/wp\/v2\/posts\/7176\/revisions"}],"predecessor-version":[{"id":7289,"href":"https:\/\/fernandeschristofaro.com.br\/api\/wp\/v2\/posts\/7176\/revisions\/7289"}],"wp:featuredmedia":[{"embeddable":true,"href":"https:\/\/fernandeschristofaro.com.br\/api\/wp\/v2\/media\/7177"}],"wp:attachment":[{"href":"https:\/\/fernandeschristofaro.com.br\/api\/wp\/v2\/media?parent=7176"}],"wp:term":[{"taxonomy":"category","embeddable":true,"href":"https:\/\/fernandeschristofaro.com.br\/api\/wp\/v2\/categories?post=7176"},{"taxonomy":"post_tag","embeddable":true,"href":"https:\/\/fernandeschristofaro.com.br\/api\/wp\/v2\/tags?post=7176"}],"curies":[{"name":"wp","href":"https:\/\/api.w.org\/{rel}","templated":true}]}}