{"id":7137,"date":"2024-03-26T18:56:56","date_gmt":"2024-03-26T21:56:56","guid":{"rendered":"https:\/\/fernandeschristofaro.com.br\/?p=7137"},"modified":"2024-03-26T18:58:56","modified_gmt":"2024-03-26T21:58:56","slug":"como-contratar-um-empregado-intermitente","status":"publish","type":"post","link":"https:\/\/fernandeschristofaro.com.br\/2024\/03\/26\/como-contratar-um-empregado-intermitente\/","title":{"rendered":"COMO CONTRATAR UM EMPREGADO INTERMITENTE?"},"content":{"rendered":"\t\t<div data-elementor-type=\"wp-post\" data-elementor-id=\"7137\" class=\"elementor elementor-7137\" data-elementor-post-type=\"post\">\n\t\t\t\t\t\t<section class=\"elementor-section elementor-top-section elementor-element elementor-element-749e3bb3 elementor-section-boxed elementor-section-height-default elementor-section-height-default\" data-id=\"749e3bb3\" data-element_type=\"section\">\n\t\t\t\t\t\t<div class=\"elementor-container elementor-column-gap-default\">\n\t\t\t\t\t<div class=\"elementor-column elementor-col-100 elementor-top-column elementor-element elementor-element-2948e35d\" data-id=\"2948e35d\" data-element_type=\"column\">\n\t\t\t<div class=\"elementor-widget-wrap elementor-element-populated\">\n\t\t\t\t\t\t<div class=\"elementor-element elementor-element-7b4f5cba elementor-widget elementor-widget-text-editor\" data-id=\"7b4f5cba\" data-element_type=\"widget\" data-widget_type=\"text-editor.default\">\n\t\t\t\t<div class=\"elementor-widget-container\">\n\t\t\t\t\t<div class=\"bb-theme-elementor-wrap bb-elementor-custom-family bb-elementor-custom-size\">\t\t\t\t<p>O contrato intermitente, introduzido pela Reforma Trabalhista em 2017, ainda gera muitas d\u00favidas. De fato, essa modalidade de trabalho, que alterna per\u00edodos de atividade e inatividade, apresenta caracter\u00edsticas singulares que a diferenciam dos contratos tradicionais.<\/p>\n<p>O <strong>trabalhador intermitente<\/strong><strong> \u00e9 um empregado<\/strong> com todos os direitos e garantias previstos na <strong>CLT<\/strong><strong>, exceto o seguro-desemprego<\/strong>. A legisla\u00e7\u00e3o garante sua prote\u00e7\u00e3o como qualquer outro trabalhador, reconhecendo a natureza jur\u00eddica do v\u00ednculo empregat\u00edcio.<\/p>\n<p>Trata-se de uma modalidade de contrato de trabalho formalizado, com v\u00ednculo empregat\u00edcio e subordina\u00e7\u00e3o, mas com presta\u00e7\u00e3o de servi\u00e7os <strong>n\u00e3o cont\u00ednua<\/strong>. Ou seja, h\u00e1 altern\u00e2ncia entre per\u00edodos de trabalho e de inatividade, que podem ser predefinidos ou acionados conforme a necessidade da empresa.<\/p>\n<p>\u00c9 crucial destacar que o contrato de trabalho intermitente e o contrato de trabalho tempor\u00e1rio s\u00e3o modalidades distintas, com caracter\u00edsticas e implica\u00e7\u00f5es legais diversas. Para as empresas, a sua vantagem \u00e9 maior flexibilidade na gest\u00e3o da m\u00e3o de obra, com a redu\u00e7\u00e3o de custos com pessoal, justamente em raz\u00e3o dos per\u00edodos de intermit\u00eancia, ou seja, pausa nas atividades prestadas pelo trabalhador.<\/p>\n<p>Para o trabalhador, possibilita complementar renda com outros trabalhos ou atividades.<\/p>\n<p>Todavia, \u00e9 importante esclarecer que, nos per\u00edodos de intermit\u00eancia, que \u00e9 a principal caracter\u00edstica deste contrato especial, como o empregado n\u00e3o est\u00e1 a disposi\u00e7\u00e3o da empresa, n\u00e3o recebe sal\u00e1rio.<\/p>\n<p>Justamente por essa raz\u00e3o, a <strong>transpar\u00eancia<\/strong> \u00e9 fundamental no momento da contrata\u00e7\u00e3o por meio de contrato intermitente. As empresas devem <strong>esclarecer ao candidato, de forma clara e objetiva<\/strong>, todas as caracter\u00edsticas especiais dessa modalidade.<\/p>\n<p>Em diversos processos e audi\u00eancias envolvendo o contrato intermitente, \u00e9 comum que os ju\u00edzes do trabalho questionem os reclamantes sobre seu conhecimento e compreens\u00e3o da modalidade contratual. Principalmente se o reclamante estava ciente de que, durante os per\u00edodos de inatividade, n\u00e3o receberia sal\u00e1rio.<\/p>\n<p>Em um cen\u00e1rio de presun\u00e7\u00e3o da hipossufici\u00eancia do empregado, quando as respostas do reclamante \u00e0s perguntas do juiz sobre o contrato intermitente forem negativas e a empresa n\u00e3o apresentar provas documentais que comprovem o pleno conhecimento e consentimento do trabalhador, a Justi\u00e7a do Trabalho tende a afastar a aplica\u00e7\u00e3o do contrato intermitente.<\/p>\n<p>Lembrando que, conforme regras do \u00f4nus da prova (artigo 818 da CLT), cabe ao empregador a responsabilidade de comprovar que o trabalhador foi devidamente informado sobre as caracter\u00edsticas e implica\u00e7\u00f5es do contrato intermitente, antes de sua assinatura.<\/p>\n<p>Com o afastamento do contrato intermitente, a rela\u00e7\u00e3o de trabalho passa a ser regida pelas normas gerais da CLT. Isso significa que o empregado ter\u00e1 direito a:<\/p>\n<ul>\n<li>Sal\u00e1rio fixo mensal;<\/li>\n<li>F\u00e9rias proporcionais acrescidas de \u2153;<\/li>\n<li>13\u00ba sal\u00e1rio;<\/li>\n<li>FGTS;<\/li>\n<li>Seguro-desemprego;<\/li>\n<li>Jornada de trabalho de 8 horas di\u00e1rias e 44 semanais, com pagamento de horas extras;<\/li>\n<li>Descanso semanal remunerado;<\/li>\n<li>Licen\u00e7a-maternidade\/paternidade;<\/li>\n<\/ul>\n<p>Para melhor compreens\u00e3o, trazemos a seguir uma planilha comparativa entre as modalidades que mais geram d\u00favidas no dia a dia das empresas.<\/p>\n<table style=\"height: 1063px;\" width=\"625\">\n<tbody>\n<tr>\n<td width=\"198\"><strong>CRIT\u00c9RIO<\/strong><\/td>\n<td width=\"206\"><strong>EMPREGADO<\/strong><strong> TEMPOR\u00c1RIO<\/strong><\/td>\n<td width=\"219\"><strong>EMPREGADO<\/strong><strong> INTERMITENTE<\/strong><\/td>\n<\/tr>\n<tr>\n<td width=\"198\"><strong>DESTINA\u00c7\u00c3O<\/strong><\/td>\n<td width=\"206\">&nbsp;Demandas pontuais e com prazo previamente definido.<\/td>\n<td width=\"219\">Atividades espor\u00e1dicas e com necessidade de flexibilidade, o que \u00e9 o fato gerador de sua principal caracter\u00edstica: a intermit\u00eancia<\/td>\n<\/tr>\n<tr>\n<td width=\"198\"><strong>FORMA DE CONTRATA\u00c7\u00c3O<\/strong><\/td>\n<td width=\"206\">Usualmente por meio de terceiriza\u00e7\u00e3o<\/td>\n<td width=\"219\">Direto com a empregadora<\/td>\n<\/tr>\n<tr>\n<td width=\"198\"><strong>PRAZO<\/strong><\/td>\n<td width=\"206\">DETERMINADO com m\u00e1ximo de 180 dias (prorrog\u00e1vel por at\u00e9 90 dias).<\/td>\n<td width=\"219\">INDETERMINADO, com altern\u00e2ncia entre per\u00edodos de trabalho e inatividade.<\/td>\n<\/tr>\n<tr>\n<td width=\"198\"><strong>CTPS<\/strong><\/td>\n<td width=\"206\">Anota\u00e7\u00e3o espec\u00edfica, com t\u00e9rmino do contrato na data final.<\/td>\n<td width=\"219\">Registro formal como empregado, com anota\u00e7\u00f5es de cada per\u00edodo trabalhado (trabalho x intermit\u00eancia).<\/td>\n<\/tr>\n<tr>\n<td width=\"198\"><strong>VIG\u00caNCIA DO V\u00cdNCULO DE EMPREGO<\/strong><\/td>\n<td width=\"206\">Encerra automaticamente ao final do contrato.<\/td>\n<td width=\"219\">Mesmo no per\u00edodo de intermit\u00eancia, n\u00e3o h\u00e1 a rescis\u00e3o do contrato de trabalho, que permanece ativo enquanto n\u00e3o houver rescis\u00e3o por iniciativa de uma das partes.<\/td>\n<\/tr>\n<tr>\n<td width=\"198\"><strong>JORNADA DE TRABALHO<\/strong><\/td>\n<td width=\"206\">44 horas semanais\/8 horas di\u00e1rias<\/td>\n<td width=\"219\">Vari\u00e1vel, conforme demanda da empresa.<\/td>\n<\/tr>\n<tr>\n<td width=\"198\"><strong>SAL\u00c1RIO<\/strong><\/td>\n<td width=\"206\">Proporcional \u00e0 jornada, com 13\u00ba sal\u00e1rio e f\u00e9rias proporcionais.<\/td>\n<td width=\"219\">Remunera\u00e7\u00e3o por hora trabalhada, sem 13\u00ba sal\u00e1rio e f\u00e9rias proporcionais (recebe Fundo de Garantia e FGTS).<\/td>\n<\/tr>\n<\/tbody>\n<\/table>\t\t\t\t<\/div>\t\t\t\t<\/div>\n\t\t\t\t<\/div>\n\t\t\t\t<div class=\"elementor-element elementor-element-d076ba6 elementor-widget elementor-widget-html\" data-id=\"d076ba6\" data-element_type=\"widget\" data-widget_type=\"html.default\">\n\t\t\t\t<div class=\"elementor-widget-container\">\n\t\t\t\t\t<a href=\"https:\/\/br.freepik.com\/fotos-gratis\/assine-aqui-por-favor_5534990.htm#fromView=search&page=1&position=20&uuid=0f312357-2bad-4cf9-9c13-c9dd4ccf9b67\">Imagem de pressfoto no Freepik<\/a>\t\t\t\t<\/div>\n\t\t\t\t<\/div>\n\t\t\t\t\t<\/div>\n\t\t<\/div>\n\t\t\t\t\t<\/div>\n\t\t<\/section>\n\t\t\t\t<\/div>\n\t\t","protected":false},"excerpt":{"rendered":"<p>O contrato intermitente, introduzido pela Reforma Trabalhista em 2017, ainda gera muitas d\u00favidas. De fato, essa modalidade de trabalho, que alterna per\u00edodos de atividade e&hellip;<\/p>\n","protected":false},"author":61,"featured_media":7138,"comment_status":"open","ping_status":"open","sticky":false,"template":"","format":"standard","meta":{"footnotes":""},"categories":[136],"tags":[137],"class_list":["post-7137","post","type-post","status-publish","format-standard","has-post-thumbnail","hentry","category-nucleo-trabalhista","tag-nucleo-trabalhista"],"_links":{"self":[{"href":"https:\/\/fernandeschristofaro.com.br\/api\/wp\/v2\/posts\/7137","targetHints":{"allow":["GET"]}}],"collection":[{"href":"https:\/\/fernandeschristofaro.com.br\/api\/wp\/v2\/posts"}],"about":[{"href":"https:\/\/fernandeschristofaro.com.br\/api\/wp\/v2\/types\/post"}],"author":[{"embeddable":true,"href":"https:\/\/fernandeschristofaro.com.br\/api\/wp\/v2\/users\/61"}],"replies":[{"embeddable":true,"href":"https:\/\/fernandeschristofaro.com.br\/api\/wp\/v2\/comments?post=7137"}],"version-history":[{"count":3,"href":"https:\/\/fernandeschristofaro.com.br\/api\/wp\/v2\/posts\/7137\/revisions"}],"predecessor-version":[{"id":7142,"href":"https:\/\/fernandeschristofaro.com.br\/api\/wp\/v2\/posts\/7137\/revisions\/7142"}],"wp:featuredmedia":[{"embeddable":true,"href":"https:\/\/fernandeschristofaro.com.br\/api\/wp\/v2\/media\/7138"}],"wp:attachment":[{"href":"https:\/\/fernandeschristofaro.com.br\/api\/wp\/v2\/media?parent=7137"}],"wp:term":[{"taxonomy":"category","embeddable":true,"href":"https:\/\/fernandeschristofaro.com.br\/api\/wp\/v2\/categories?post=7137"},{"taxonomy":"post_tag","embeddable":true,"href":"https:\/\/fernandeschristofaro.com.br\/api\/wp\/v2\/tags?post=7137"}],"curies":[{"name":"wp","href":"https:\/\/api.w.org\/{rel}","templated":true}]}}