{"id":7131,"date":"2024-03-19T20:17:29","date_gmt":"2024-03-19T23:17:29","guid":{"rendered":"https:\/\/fernandeschristofaro.com.br\/?p=7131"},"modified":"2024-03-19T20:18:15","modified_gmt":"2024-03-19T23:18:15","slug":"a-critica-do-stf-aos-justiceiros-trabalhistas","status":"publish","type":"post","link":"https:\/\/fernandeschristofaro.com.br\/2024\/03\/19\/a-critica-do-stf-aos-justiceiros-trabalhistas\/","title":{"rendered":"A CR\u00cdTICA DO STF AOS \u201cJUSTICEIROS TRABALHISTAS\u201d"},"content":{"rendered":"\t\t<div data-elementor-type=\"wp-post\" data-elementor-id=\"7131\" class=\"elementor elementor-7131\" data-elementor-post-type=\"post\">\n\t\t\t\t\t\t<section class=\"elementor-section elementor-top-section elementor-element elementor-element-787b3187 elementor-section-boxed elementor-section-height-default elementor-section-height-default\" data-id=\"787b3187\" data-element_type=\"section\">\n\t\t\t\t\t\t<div class=\"elementor-container elementor-column-gap-default\">\n\t\t\t\t\t<div class=\"elementor-column elementor-col-100 elementor-top-column elementor-element elementor-element-49de1390\" data-id=\"49de1390\" data-element_type=\"column\">\n\t\t\t<div class=\"elementor-widget-wrap elementor-element-populated\">\n\t\t\t\t\t\t<div class=\"elementor-element elementor-element-4ceb0f24 elementor-widget elementor-widget-text-editor\" data-id=\"4ceb0f24\" data-element_type=\"widget\" data-widget_type=\"text-editor.default\">\n\t\t\t\t<div class=\"elementor-widget-container\">\n\t\t\t\t\t<div class=\"bb-theme-elementor-wrap bb-elementor-custom-family bb-elementor-custom-size\">\t\t\t\t<p style=\"text-align: left;\">A tens\u00e3o entre a Justi\u00e7a do Trabalho e o Supremo Tribunal Federal (STF) se intensifica, com Ju\u00edzes e Desembargadores trabalhistas contestando a &#8220;interfer\u00eancia&#8221; do STF em suas decis\u00f5es, enquanto os Ministros da Suprema Corte criticam o que chamam de &#8220;justiceiros trabalhistas&#8221;.<\/p><p style=\"text-align: left;\">Este texto aprofunda a an\u00e1lise da complexa rela\u00e7\u00e3o entre a Justi\u00e7a do Trabalho (JT) e o Supremo Tribunal Federal (STF), contextualizando o cen\u00e1rio e os embates com dados objetivos e as diversas perspectivas do debate, buscando uma compreens\u00e3o mais abrangente da quest\u00e3o.<\/p><p style=\"text-align: left;\">Uma an\u00e1lise aprofundada do aumento do n\u00famero das a\u00e7\u00f5es trabalhistas ao longo dos anos, principalmente as que buscam o reconhecimento de v\u00ednculo de emprego nas rela\u00e7\u00f5es estabelecidas com os prestadores de servi\u00e7o.<\/p><p style=\"text-align: left;\"><strong>Embora os relat\u00f3rios com os n\u00fameros de 2023 ainda n\u00e3o estejam dispon\u00edveis, os dados atualizados at\u00e9 o final de 2022 servem como uma \u00f3tima refer\u00eancia para a an\u00e1lise desse tema t\u00e3o importante.<\/strong><\/p><p style=\"text-align: left;\">O n\u00famero de <strong>mais de 5 mil novos processos trabalhistas em 2022<\/strong> chama aten\u00e7\u00e3o. A princ\u00edpio, pode parecer um erro de digita\u00e7\u00e3o, mas, na verdade, revela uma realidade complexa com diversas implica\u00e7\u00f5es.<\/p><p style=\"text-align: left;\">A cr\u00edtica do STF aos &#8220;justiceiros trabalhistas&#8221;, evidenciada pela reforma de 47,9% (80 de 167) das decis\u00f5es das inst\u00e2ncias inferiores at\u00e9 o m\u00eas de agosto de 2023, deve ser analisada em um contexto mais amplo, considerando:<\/p><p style=\"text-align: left;\">Ou seja, nesses 47,9% a Corte compreendeu que um dos requisitos caracterizadores do v\u00ednculo de emprego n\u00e3o foi comprovado, afastando a presun\u00e7\u00e3o contida na CLT.<\/p><p style=\"text-align: left;\">As a\u00e7\u00f5es trabalhistas podem chegar ao Supremo Tribunal Federal (STF) por meio da <strong>Reclama\u00e7\u00e3o Constitucional (RC)<\/strong>, prevista nos artigos 102, I, \u201cl\u201d e 103-A, \u00a7 3\u00ba da Constitui\u00e7\u00e3o Federal. Essa ferramenta jur\u00eddica serve para preservar a compet\u00eancia do STF e a autoridade de suas decis\u00f5es.<\/p><p style=\"text-align: left;\">O Supremo Tribunal Federal (STF) possui um entendimento consolidado sobre o tema do reconhecimento do v\u00ednculo de emprego. Segundo a Corte, para que o v\u00ednculo seja reconhecido, <strong>todos os seus requisitos caracterizadores precisam estar presentes de forma concomitante<\/strong>. S\u00e3o eles:<\/p><ul style=\"text-align: left;\"><li>Pessoalidade: O trabalho deve ser prestado pelo pr\u00f3prio trabalhador, sem a possibilidade de substitui\u00e7\u00e3o por terceiros.<\/li><li>Subordina\u00e7\u00e3o: O trabalhador deve estar submetido ao poder de dire\u00e7\u00e3o e controle do empregador, que define as ordens, hor\u00e1rios e locais de trabalho.<\/li><li>Onerosidade: O trabalho deve ser prestado mediante o pagamento de sal\u00e1rio ou outra forma de remunera\u00e7\u00e3o.<\/li><li>N\u00e3o eventualidade: O trabalho deve ser realizado de forma regular e cont\u00ednua, n\u00e3o se caracterizando como eventual ou espor\u00e1dico.<\/li><\/ul><p style=\"text-align: left;\">No \u00e2mbito do processo trabalhista, se a parte reclamada (empresa|) em uma a\u00e7\u00e3o conseguir demonstrar o afastamento de qualquer um dos requisitos mencionados acima, o pedido de reconhecimento do v\u00ednculo de emprego dever\u00e1 ser indeferido.<\/p><p style=\"text-align: left;\">Nos casos julgados, os Ministros, analisando de forma individual (monocraticamente), entenderam <strong>que um dos pressupostos caracterizadores do v\u00ednculo de emprego n\u00e3o estava presente<\/strong>. Como consequ\u00eancia, as decis\u00f5es das inst\u00e2ncias inferiores foram reformadas, reconhecendo a inexist\u00eancia do v\u00ednculo.<\/p><p style=\"text-align: left;\">E, diante das <strong>reiteradas decis\u00f5es trabalhistas que contrariam o entendimento da Corte<\/strong>, o STF oficiou o Conselho Nacional de Justi\u00e7a (CNJ) para que realize um levantamento sobre essas decis\u00f5es.<\/p><p style=\"text-align: left;\">Lembramos, mais uma vez, que a presun\u00e7\u00e3o de v\u00ednculo de emprego n\u00e3o \u00e9 absoluta. Ela serve como um <strong>instrumento de prote\u00e7\u00e3o ao trabalhador<\/strong>, mas n\u00e3o impede que o juiz de primeira inst\u00e2ncia analise as <strong>circunst\u00e2ncias espec\u00edficas de cada caso<\/strong><strong>.<\/strong><\/p><p style=\"text-align: left;\">A busca pela justi\u00e7a na Justi\u00e7a do Trabalho \u00e9 um compromisso fundamental para a constru\u00e7\u00e3o de uma sociedade mais justa e igualit\u00e1ria. A presun\u00e7\u00e3o de v\u00ednculo de emprego, como instrumento de prote\u00e7\u00e3o ao trabalhador, \u00e9 um passo importante nesse sentido, mas n\u00e3o \u00e9 o \u00fanico fator a ser considerado.<\/p><p style=\"text-align: left;\">O juiz, como guardi\u00e3o da Justi\u00e7a, tem o dever de analisar cada caso concreto com aten\u00e7\u00e3o e cuidado, levando em considera\u00e7\u00e3o todas as provas e argumentos apresentados pelas partes. Essa an\u00e1lise rigorosa \u00e9 essencial para garantir que a decis\u00e3o final seja justa e imparcial, independentemente de paradigmas ou ideologias pr\u00e9-estabelecidas.<\/p>\t\t\t\t<\/div>\t\t\t\t<\/div>\n\t\t\t\t<\/div>\n\t\t\t\t\t<\/div>\n\t\t<\/div>\n\t\t\t\t\t<\/div>\n\t\t<\/section>\n\t\t\t\t<\/div>\n\t\t","protected":false},"excerpt":{"rendered":"<p>A tens\u00e3o entre a Justi\u00e7a do Trabalho e o Supremo Tribunal Federal (STF) se intensifica, com Ju\u00edzes e Desembargadores trabalhistas contestando a &#8220;interfer\u00eancia&#8221; do STF&hellip;<\/p>\n","protected":false},"author":61,"featured_media":7132,"comment_status":"open","ping_status":"open","sticky":false,"template":"","format":"standard","meta":{"footnotes":""},"categories":[136],"tags":[137],"class_list":["post-7131","post","type-post","status-publish","format-standard","has-post-thumbnail","hentry","category-nucleo-trabalhista","tag-nucleo-trabalhista"],"_links":{"self":[{"href":"https:\/\/fernandeschristofaro.com.br\/api\/wp\/v2\/posts\/7131","targetHints":{"allow":["GET"]}}],"collection":[{"href":"https:\/\/fernandeschristofaro.com.br\/api\/wp\/v2\/posts"}],"about":[{"href":"https:\/\/fernandeschristofaro.com.br\/api\/wp\/v2\/types\/post"}],"author":[{"embeddable":true,"href":"https:\/\/fernandeschristofaro.com.br\/api\/wp\/v2\/users\/61"}],"replies":[{"embeddable":true,"href":"https:\/\/fernandeschristofaro.com.br\/api\/wp\/v2\/comments?post=7131"}],"version-history":[{"count":3,"href":"https:\/\/fernandeschristofaro.com.br\/api\/wp\/v2\/posts\/7131\/revisions"}],"predecessor-version":[{"id":7136,"href":"https:\/\/fernandeschristofaro.com.br\/api\/wp\/v2\/posts\/7131\/revisions\/7136"}],"wp:featuredmedia":[{"embeddable":true,"href":"https:\/\/fernandeschristofaro.com.br\/api\/wp\/v2\/media\/7132"}],"wp:attachment":[{"href":"https:\/\/fernandeschristofaro.com.br\/api\/wp\/v2\/media?parent=7131"}],"wp:term":[{"taxonomy":"category","embeddable":true,"href":"https:\/\/fernandeschristofaro.com.br\/api\/wp\/v2\/categories?post=7131"},{"taxonomy":"post_tag","embeddable":true,"href":"https:\/\/fernandeschristofaro.com.br\/api\/wp\/v2\/tags?post=7131"}],"curies":[{"name":"wp","href":"https:\/\/api.w.org\/{rel}","templated":true}]}}