{"id":7058,"date":"2024-03-04T17:31:46","date_gmt":"2024-03-04T20:31:46","guid":{"rendered":"https:\/\/fernandeschristofaro.com.br\/?p=7058"},"modified":"2024-09-29T20:38:09","modified_gmt":"2024-09-29T23:38:09","slug":"por-que-a-meta-foi-proibida-de-usar-a-marca","status":"publish","type":"post","link":"https:\/\/fernandeschristofaro.com.br\/2024\/03\/04\/por-que-a-meta-foi-proibida-de-usar-a-marca\/","title":{"rendered":"Por que a Meta foi proibida de usar a marca?"},"content":{"rendered":"\t\t<div data-elementor-type=\"wp-post\" data-elementor-id=\"7058\" class=\"elementor elementor-7058\" data-elementor-post-type=\"post\">\n\t\t\t\t\t\t<section class=\"elementor-section elementor-top-section elementor-element elementor-element-68059e15 elementor-section-boxed elementor-section-height-default elementor-section-height-default\" data-id=\"68059e15\" data-element_type=\"section\">\n\t\t\t\t\t\t<div class=\"elementor-container elementor-column-gap-default\">\n\t\t\t\t\t<div class=\"elementor-column elementor-col-100 elementor-top-column elementor-element elementor-element-2fde9460\" data-id=\"2fde9460\" data-element_type=\"column\">\n\t\t\t<div class=\"elementor-widget-wrap elementor-element-populated\">\n\t\t\t\t\t\t<div class=\"elementor-element elementor-element-d9c0e98 elementor-widget elementor-widget-text-editor\" data-id=\"d9c0e98\" data-element_type=\"widget\" data-widget_type=\"text-editor.default\">\n\t\t\t\t<div class=\"elementor-widget-container\">\n\t\t\t\t\t<div class=\"bb-theme-elementor-wrap bb-elementor-custom-family bb-elementor-custom-size\">\t\t\t\t<p>Repercutiu em toda a internet a proibi\u00e7\u00e3o da Meta de usar a marca no Brasil. Afinal, o que pode ter acontecido? Como se tornar dono de uma marca no Brasil? Onde a Meta supostamente errou?<br><br>Por \u00e9tica, n\u00f3s advogados n\u00e3o comentamos casos que estejam sob cuidado de outros colegas advogados. Por\u00e9m, casos famosos e rumorosos servem muito bem para ilustrar o direito na pr\u00e1tica.<br><br>Por isso, sem adentrar \u00e0s especificidades do caso e de forma objetiva e sem juridiqu\u00eas, vamos explicar como funciona essa quest\u00e3o.<br><br>No Brasil, para voc\u00ea ser propriet\u00e1rio de uma marca voc\u00ea deve registr\u00e1-la no \u00f3rg\u00e3o competente, chamado Instituto Nacional de Propriedade Industrial \u2013 INPI (<a href=\"https:\/\/fernandeschristofaro.com.br\/2022\/03\/17\/o-que-voce-precisa-saber-sobre-registro-de-marca\/\" style=\"background-color: rgb(250, 251, 253);\">veja todos os detalhes de como funciona aqui<\/a>).<br><br>Existem v\u00e1rias regras a serem observadas, analisar todas elas n\u00e3o \u00e9 o objetivo desse breve texto. Por\u00e9m, duas regras b\u00e1sicas parecem ter aplica\u00e7\u00e3o ao presente caso, s\u00e3o elas: anterioridade e especialidade.<br><br>Um dos objetivos de registrar uma marca \u00e9 dar publicidade no local adequado (INPI) de que voc\u00ea registrou essa marca cuja atua\u00e7\u00e3o se dar\u00e1 num determinado ramo. Com isso, voc\u00ea torna \u201co mundo\u201d ciente de que voc\u00ea usar\u00e1 essa marca naquele segmento e por isso ningu\u00e9m mais pode us\u00e1-la.<br><br>E como as pessoas saber\u00e3o disso? Antes de come\u00e7ar a usar uma marca, voc\u00ea precisa fazer a \u201cli\u00e7\u00e3o de casa\u201d, isto \u00e9, pesquisar no site do INPI se n\u00e3o existe outra pessoa utilizando-a no mesmo segmento que voc\u00ea pretende atuar. Caso tenha, voc\u00ea n\u00e3o pode usar a mesma marca.<br><br>Isso se chama princ\u00edpio da especialidade. Em outras palavras, n\u00e3o \u00e9 permitido voc\u00ea registrar a mesma marca (hom\u00f4nima) para atuar em igual ramo (especialidade), se fosse em outro, n\u00e3o concorrente, poderia.<br><br>A ideia \u00e9 evitar que as pessoas se confundam. E aqui eu fa\u00e7o um par\u00eantese para ilustrar com o pr\u00f3prio caso Meta: a empresa dona da marca foi processada equivocadamente in\u00fameras vezes, sofreu reclama\u00e7\u00f5es no Reclame Aqui, Procon etc., tudo porque pensavam que ela era a Meta, empresa do Zuck, antigo Facebook.<br><br>Como isso teria sido evitado? Bastava que a empresa do Zuck fizesse uma busca anterior para ver se algu\u00e9m havia registrado essa marca no Brasil que teria percebido que sim. E aqui entra a outra regra: quem pede o registro primeiro, tem prioridade, o que chamamos tecnicamente de princ\u00edpio da anterioridade.<br><br>A empresa brasileira detentora da marca Meta havia registrado essa marca desde 2008, na especialidade tecnologia (mesma do Facebok \u2013 Meta). Pelas raz\u00f5es acima, a Meta estaria proibida de utilizar a mesma marca no Brasil.<\/p>\t\t\t\t<\/div>\t\t\t\t<\/div>\n\t\t\t\t<\/div>\n\t\t\t\t<div class=\"elementor-element elementor-element-b26d3fd elementor-align-center elementor-widget elementor-widget-button\" data-id=\"b26d3fd\" data-element_type=\"widget\" data-widget_type=\"button.default\">\n\t\t\t\t<div class=\"elementor-widget-container\">\n\t\t\t\t\t\t\t\t\t<div class=\"elementor-button-wrapper\">\n\t\t\t\t\t<a class=\"elementor-button elementor-button-link elementor-size-sm\" href=\"https:\/\/api.whatsapp.com\/send?phone=5511965920464\">\n\t\t\t\t\t\t<span class=\"elementor-button-content-wrapper\">\n\t\t\t\t\t\t<span class=\"elementor-button-icon\">\n\t\t\t\t<svg aria-hidden=\"true\" class=\"e-font-icon-svg e-fab-whatsapp\" viewBox=\"0 0 448 512\" xmlns=\"http:\/\/www.w3.org\/2000\/svg\"><path d=\"M380.9 97.1C339 55.1 283.2 32 223.9 32c-122.4 0-222 99.6-222 222 0 39.1 10.2 77.3 29.6 111L0 480l117.7-30.9c32.4 17.7 68.9 27 106.1 27h.1c122.3 0 224.1-99.6 224.1-222 0-59.3-25.2-115-67.1-157zm-157 341.6c-33.2 0-65.7-8.9-94-25.7l-6.7-4-69.8 18.3L72 359.2l-4.4-7c-18.5-29.4-28.2-63.3-28.2-98.2 0-101.7 82.8-184.5 184.6-184.5 49.3 0 95.6 19.2 130.4 54.1 34.8 34.9 56.2 81.2 56.1 130.5 0 101.8-84.9 184.6-186.6 184.6zm101.2-138.2c-5.5-2.8-32.8-16.2-37.9-18-5.1-1.9-8.8-2.8-12.5 2.8-3.7 5.6-14.3 18-17.6 21.8-3.2 3.7-6.5 4.2-12 1.4-32.6-16.3-54-29.1-75.5-66-5.7-9.8 5.7-9.1 16.3-30.3 1.8-3.7.9-6.9-.5-9.7-1.4-2.8-12.5-30.1-17.1-41.2-4.5-10.8-9.1-9.3-12.5-9.5-3.2-.2-6.9-.2-10.6-.2-3.7 0-9.7 1.4-14.8 6.9-5.1 5.6-19.4 19-19.4 46.3 0 27.3 19.9 53.7 22.6 57.4 2.8 3.7 39.1 59.7 94.8 83.8 35.2 15.2 49 16.5 66.6 13.9 10.7-1.6 32.8-13.4 37.4-26.4 4.6-13 4.6-24.1 3.2-26.4-1.3-2.5-5-3.9-10.5-6.6z\"><\/path><\/svg>\t\t\t<\/span>\n\t\t\t\t\t\t\t\t\t<span class=\"elementor-button-text\">Quer registrar a sua marca? Entre em contato com nossos especialistas<\/span>\n\t\t\t\t\t<\/span>\n\t\t\t\t\t<\/a>\n\t\t\t\t<\/div>\n\t\t\t\t\t\t\t\t<\/div>\n\t\t\t\t<\/div>\n\t\t\t\t<div class=\"elementor-element elementor-element-a75083b elementor-widget elementor-widget-html\" data-id=\"a75083b\" data-element_type=\"widget\" data-widget_type=\"html.default\">\n\t\t\t\t<div class=\"elementor-widget-container\">\n\t\t\t\t\t<a href=\"https:\/\/br.freepik.com\/fotos-gratis\/pile-of-3d-facebook-logos_1191368.htm#fromView=search&page=1&position=23&uuid=ee549669-72b2-443e-a86a-6dedeaf982d1\">Imagem de natanaelginting no Freepik<\/a>\t\t\t\t<\/div>\n\t\t\t\t<\/div>\n\t\t\t\t\t<\/div>\n\t\t<\/div>\n\t\t\t\t\t<\/div>\n\t\t<\/section>\n\t\t\t\t<\/div>\n\t\t","protected":false},"excerpt":{"rendered":"<p>Repercutiu em toda a internet a proibi\u00e7\u00e3o da Meta de usar a marca no Brasil. Afinal, o que pode ter acontecido? Como se tornar dono&hellip;<\/p>\n","protected":false},"author":77,"featured_media":7065,"comment_status":"open","ping_status":"open","sticky":false,"template":"","format":"standard","meta":{"footnotes":""},"categories":[135],"tags":[130],"class_list":["post-7058","post","type-post","status-publish","format-standard","has-post-thumbnail","hentry","category-nucleo-artistas-propriedade-intelectual","tag-nucleo-artistas-e-propriedade-intelectual"],"_links":{"self":[{"href":"https:\/\/fernandeschristofaro.com.br\/api\/wp\/v2\/posts\/7058","targetHints":{"allow":["GET"]}}],"collection":[{"href":"https:\/\/fernandeschristofaro.com.br\/api\/wp\/v2\/posts"}],"about":[{"href":"https:\/\/fernandeschristofaro.com.br\/api\/wp\/v2\/types\/post"}],"author":[{"embeddable":true,"href":"https:\/\/fernandeschristofaro.com.br\/api\/wp\/v2\/users\/77"}],"replies":[{"embeddable":true,"href":"https:\/\/fernandeschristofaro.com.br\/api\/wp\/v2\/comments?post=7058"}],"version-history":[{"count":4,"href":"https:\/\/fernandeschristofaro.com.br\/api\/wp\/v2\/posts\/7058\/revisions"}],"predecessor-version":[{"id":7292,"href":"https:\/\/fernandeschristofaro.com.br\/api\/wp\/v2\/posts\/7058\/revisions\/7292"}],"wp:featuredmedia":[{"embeddable":true,"href":"https:\/\/fernandeschristofaro.com.br\/api\/wp\/v2\/media\/7065"}],"wp:attachment":[{"href":"https:\/\/fernandeschristofaro.com.br\/api\/wp\/v2\/media?parent=7058"}],"wp:term":[{"taxonomy":"category","embeddable":true,"href":"https:\/\/fernandeschristofaro.com.br\/api\/wp\/v2\/categories?post=7058"},{"taxonomy":"post_tag","embeddable":true,"href":"https:\/\/fernandeschristofaro.com.br\/api\/wp\/v2\/tags?post=7058"}],"curies":[{"name":"wp","href":"https:\/\/api.w.org\/{rel}","templated":true}]}}