{"id":7036,"date":"2024-02-29T19:44:05","date_gmt":"2024-02-29T22:44:05","guid":{"rendered":"https:\/\/fernandeschristofaro.com.br\/?p=7036"},"modified":"2024-09-29T20:43:02","modified_gmt":"2024-09-29T23:43:02","slug":"quem-tem-que-pagar-o-iptu-proprietario-ou-inquilino","status":"publish","type":"post","link":"https:\/\/fernandeschristofaro.com.br\/2024\/02\/29\/quem-tem-que-pagar-o-iptu-proprietario-ou-inquilino\/","title":{"rendered":"Quem tem que pagar o IPTU, propriet\u00e1rio ou inquilino?"},"content":{"rendered":"\t\t<div data-elementor-type=\"wp-post\" data-elementor-id=\"7036\" class=\"elementor elementor-7036\" data-elementor-post-type=\"post\">\n\t\t\t\t\t\t<section class=\"elementor-section elementor-top-section elementor-element elementor-element-66c8ff9 elementor-section-boxed elementor-section-height-default elementor-section-height-default\" data-id=\"66c8ff9\" data-element_type=\"section\">\n\t\t\t\t\t\t<div class=\"elementor-container elementor-column-gap-default\">\n\t\t\t\t\t<div class=\"elementor-column elementor-col-100 elementor-top-column elementor-element elementor-element-4e7f39de\" data-id=\"4e7f39de\" data-element_type=\"column\">\n\t\t\t<div class=\"elementor-widget-wrap elementor-element-populated\">\n\t\t\t\t\t\t<div class=\"elementor-element elementor-element-34010268 elementor-widget elementor-widget-text-editor\" data-id=\"34010268\" data-element_type=\"widget\" data-widget_type=\"text-editor.default\">\n\t\t\t\t<div class=\"elementor-widget-container\">\n\t\t\t\t\t<div class=\"bb-theme-elementor-wrap bb-elementor-custom-family bb-elementor-custom-size\">\t\t\t\t<p>A Lei do Inquilinato determina que a obriga\u00e7\u00e3o de pagar o Imposto Predial e Territorial Urbano (IPTU) \u00e9 do propriet\u00e1rio do im\u00f3vel, j\u00e1 que este imposto diz respeito a quem tem a propriedade.<\/p><p>Por\u00e9m, uma vez que este im\u00f3vel \u00e9 locado, h\u00e1 a possibilidade das partes (inquilino e propriet\u00e1rio) estipularem no contrato de loca\u00e7\u00e3o quem ir\u00e1 realizar este pagamento.<\/p><p>Sendo este o caso, h\u00e1 tr\u00eas poss\u00edveis acordos em rela\u00e7\u00e3o ao IPTU:<\/p><ol><li>O propriet\u00e1rio assume o pagamento integral do IPTU;<\/li><li>O inquilino assume a responsabilidade pelo pagamento do IPTU; e<\/li><li>O propriet\u00e1rio e o inquilino dividem o valor do IPTU.<\/li><\/ol><p>Portanto, a responsabilidade pelo pagamento do IPTU do im\u00f3vel locado depende do que foi acordado e estabelecido no contrato de loca\u00e7\u00e3o.<\/p><p>\u201cAh, Gabriela, meu contrato de loca\u00e7\u00e3o prev\u00ea que eu sou o respons\u00e1vel pelo pagamento do IPTU, mas e se eu n\u00e3o pagar? O que acontece?\u201d<\/p><p>\u00d3tima pergunta! Vamos l\u00e1:<\/p><p>Se o inquilino n\u00e3o honrar o acordado no contrato de loca\u00e7\u00e3o e deixar de efetuar o pagamento do IPTU, caber\u00e1 ao propriet\u00e1rio realizar o pagamento.<\/p><p>Nesse caso, o inquilino ter\u00e1 descumprido o contrato e por isso sofrer\u00e1 as penalidades nele estipulada, como por exemplo, multa. .O propriet\u00e1rio poder\u00e1, ainda, se o caso, ingressar com medidas judiciais para retirar o inquilino do im\u00f3vel e cobrar o valor devido.<\/p><p>Assim, \u00e9 de extrema import\u00e2ncia que as partes (inquilino e propriet\u00e1rio) tenham conhecimento de todos os seus direitos e deveres estipulados no contrato de loca\u00e7\u00e3o.<\/p><p>Por essa raz\u00e3o, \u00e9 imprescind\u00edvel que o contrato de loca\u00e7\u00e3o seja analisado antes da assinatura, por um advogado especialista na \u00e1rea.<\/p><p>Quer mais informa\u00e7\u00f5es sobre o tema?<\/p><p>Contate nosso N\u00facleo Imobili\u00e1rio, formado por especialistas na \u00e1rea que te dar\u00e3o todas as informa\u00e7\u00f5es necess\u00e1rias.<\/p>\t\t\t\t<\/div>\t\t\t\t<\/div>\n\t\t\t\t<\/div>\n\t\t\t\t<div class=\"elementor-element elementor-element-38af5ec elementor-align-center elementor-widget elementor-widget-button\" data-id=\"38af5ec\" data-element_type=\"widget\" data-widget_type=\"button.default\">\n\t\t\t\t<div class=\"elementor-widget-container\">\n\t\t\t\t\t\t\t\t\t<div class=\"elementor-button-wrapper\">\n\t\t\t\t\t<a class=\"elementor-button elementor-button-link elementor-size-sm\" href=\"https:\/\/api.whatsapp.com\/send?phone=5511965920464\">\n\t\t\t\t\t\t<span class=\"elementor-button-content-wrapper\">\n\t\t\t\t\t\t<span class=\"elementor-button-icon\">\n\t\t\t\t<svg aria-hidden=\"true\" class=\"e-font-icon-svg e-fab-whatsapp\" viewBox=\"0 0 448 512\" xmlns=\"http:\/\/www.w3.org\/2000\/svg\"><path d=\"M380.9 97.1C339 55.1 283.2 32 223.9 32c-122.4 0-222 99.6-222 222 0 39.1 10.2 77.3 29.6 111L0 480l117.7-30.9c32.4 17.7 68.9 27 106.1 27h.1c122.3 0 224.1-99.6 224.1-222 0-59.3-25.2-115-67.1-157zm-157 341.6c-33.2 0-65.7-8.9-94-25.7l-6.7-4-69.8 18.3L72 359.2l-4.4-7c-18.5-29.4-28.2-63.3-28.2-98.2 0-101.7 82.8-184.5 184.6-184.5 49.3 0 95.6 19.2 130.4 54.1 34.8 34.9 56.2 81.2 56.1 130.5 0 101.8-84.9 184.6-186.6 184.6zm101.2-138.2c-5.5-2.8-32.8-16.2-37.9-18-5.1-1.9-8.8-2.8-12.5 2.8-3.7 5.6-14.3 18-17.6 21.8-3.2 3.7-6.5 4.2-12 1.4-32.6-16.3-54-29.1-75.5-66-5.7-9.8 5.7-9.1 16.3-30.3 1.8-3.7.9-6.9-.5-9.7-1.4-2.8-12.5-30.1-17.1-41.2-4.5-10.8-9.1-9.3-12.5-9.5-3.2-.2-6.9-.2-10.6-.2-3.7 0-9.7 1.4-14.8 6.9-5.1 5.6-19.4 19-19.4 46.3 0 27.3 19.9 53.7 22.6 57.4 2.8 3.7 39.1 59.7 94.8 83.8 35.2 15.2 49 16.5 66.6 13.9 10.7-1.6 32.8-13.4 37.4-26.4 4.6-13 4.6-24.1 3.2-26.4-1.3-2.5-5-3.9-10.5-6.6z\"><\/path><\/svg>\t\t\t<\/span>\n\t\t\t\t\t\t\t\t\t<span class=\"elementor-button-text\">Fale com os nossos especialistas<\/span>\n\t\t\t\t\t<\/span>\n\t\t\t\t\t<\/a>\n\t\t\t\t<\/div>\n\t\t\t\t\t\t\t\t<\/div>\n\t\t\t\t<\/div>\n\t\t\t\t<div class=\"elementor-element elementor-element-bfc2eae elementor-widget elementor-widget-html\" data-id=\"bfc2eae\" data-element_type=\"widget\" data-widget_type=\"html.default\">\n\t\t\t\t<div class=\"elementor-widget-container\">\n\t\t\t\t\t<a href=\"https:\/\/br.freepik.com\/fotos-gratis\/foto-aproximada-de-uma-pessoa-pensando-em-comprar-ou-vender-uma-casa_10860348.htm#fromView=search&page=1&position=1&uuid=566a50f7-afba-4ba4-9b19-bf7c9362df4b\">Imagem de wirestock no Freepik<\/a>\t\t\t\t<\/div>\n\t\t\t\t<\/div>\n\t\t\t\t\t<\/div>\n\t\t<\/div>\n\t\t\t\t\t<\/div>\n\t\t<\/section>\n\t\t\t\t<\/div>\n\t\t","protected":false},"excerpt":{"rendered":"<p>A Lei do Inquilinato determina que a obriga\u00e7\u00e3o de pagar o Imposto Predial e Territorial Urbano (IPTU) \u00e9 do propriet\u00e1rio do im\u00f3vel, j\u00e1 que este&hellip;<\/p>\n","protected":false},"author":79,"featured_media":7037,"comment_status":"open","ping_status":"open","sticky":false,"template":"","format":"standard","meta":{"footnotes":""},"categories":[133],"tags":[],"class_list":["post-7036","post","type-post","status-publish","format-standard","has-post-thumbnail","hentry","category-nucleo-direito-imobiliario-condominial"],"_links":{"self":[{"href":"https:\/\/fernandeschristofaro.com.br\/api\/wp\/v2\/posts\/7036","targetHints":{"allow":["GET"]}}],"collection":[{"href":"https:\/\/fernandeschristofaro.com.br\/api\/wp\/v2\/posts"}],"about":[{"href":"https:\/\/fernandeschristofaro.com.br\/api\/wp\/v2\/types\/post"}],"author":[{"embeddable":true,"href":"https:\/\/fernandeschristofaro.com.br\/api\/wp\/v2\/users\/79"}],"replies":[{"embeddable":true,"href":"https:\/\/fernandeschristofaro.com.br\/api\/wp\/v2\/comments?post=7036"}],"version-history":[{"count":3,"href":"https:\/\/fernandeschristofaro.com.br\/api\/wp\/v2\/posts\/7036\/revisions"}],"predecessor-version":[{"id":7041,"href":"https:\/\/fernandeschristofaro.com.br\/api\/wp\/v2\/posts\/7036\/revisions\/7041"}],"wp:featuredmedia":[{"embeddable":true,"href":"https:\/\/fernandeschristofaro.com.br\/api\/wp\/v2\/media\/7037"}],"wp:attachment":[{"href":"https:\/\/fernandeschristofaro.com.br\/api\/wp\/v2\/media?parent=7036"}],"wp:term":[{"taxonomy":"category","embeddable":true,"href":"https:\/\/fernandeschristofaro.com.br\/api\/wp\/v2\/categories?post=7036"},{"taxonomy":"post_tag","embeddable":true,"href":"https:\/\/fernandeschristofaro.com.br\/api\/wp\/v2\/tags?post=7036"}],"curies":[{"name":"wp","href":"https:\/\/api.w.org\/{rel}","templated":true}]}}