{"id":7027,"date":"2024-02-27T12:00:50","date_gmt":"2024-02-27T15:00:50","guid":{"rendered":"https:\/\/fernandeschristofaro.com.br\/?p=7027"},"modified":"2024-02-26T20:44:45","modified_gmt":"2024-02-26T23:44:45","slug":"tst-relacao-de-trabalho-nao-se-restringe-ao-emprego-qual-sera-o-entendimento-do-stf-no-caso-uber","status":"publish","type":"post","link":"https:\/\/fernandeschristofaro.com.br\/2024\/02\/27\/tst-relacao-de-trabalho-nao-se-restringe-ao-emprego-qual-sera-o-entendimento-do-stf-no-caso-uber\/","title":{"rendered":"TST: RELA\u00c7\u00c3O DE TRABALHO N\u00c3O SE RESTRINGE AO EMPREGO QUAL SER\u00c1 O ENTENDIMENTO DO STF NO CASO \u201cUBER\u201d?"},"content":{"rendered":"\t\t<div data-elementor-type=\"wp-post\" data-elementor-id=\"7027\" class=\"elementor elementor-7027\" data-elementor-post-type=\"post\">\n\t\t\t\t\t\t<section class=\"elementor-section elementor-top-section elementor-element elementor-element-28a7f924 elementor-section-boxed elementor-section-height-default elementor-section-height-default\" data-id=\"28a7f924\" data-element_type=\"section\">\n\t\t\t\t\t\t<div class=\"elementor-container elementor-column-gap-default\">\n\t\t\t\t\t<div class=\"elementor-column elementor-col-100 elementor-top-column elementor-element elementor-element-7581de40\" data-id=\"7581de40\" data-element_type=\"column\">\n\t\t\t<div class=\"elementor-widget-wrap elementor-element-populated\">\n\t\t\t\t\t\t<div class=\"elementor-element elementor-element-6e51f352 elementor-widget elementor-widget-text-editor\" data-id=\"6e51f352\" data-element_type=\"widget\" data-widget_type=\"text-editor.default\">\n\t\t\t\t<div class=\"elementor-widget-container\">\n\t\t\t\t\t<div class=\"bb-theme-elementor-wrap bb-elementor-custom-family bb-elementor-custom-size\">\t\t\t\t<p style=\"text-align: left;\">O STF deu in\u00edcio na \u00faltima sexta-feira, 23 de fevereiro, ao julgamento de um importante tema, cuja decis\u00e3o final, indubitavelmente repercutir\u00e1 na manuten\u00e7\u00e3o (ou n\u00e3o) de muitos postos de trabalho junto a v\u00e1rios aplicativos.<\/p><p style=\"text-align: left;\">Especificamente, a exist\u00eancia de v\u00ednculo de emprego entre o Uber e os motoristas.<\/p><p style=\"text-align: left;\">Num primeiro momento, o Plen\u00e1rio decidir\u00e1 se h\u00e1 repercuss\u00e3o geral no tema.<\/p><p style=\"text-align: left;\">Sem nos aprofundarmos muito nessa quest\u00e3o, pois n\u00e3o \u00e9 o ponto focal do nosso artigo, fala-se em repercuss\u00e3o geral quando o objeto da lide (processo) ultrapassa o interesse das partes, gerando consequ\u00eancias para a coletividade.<\/p><p style=\"text-align: left;\">Para que qualquer a\u00e7\u00e3o chegue ao STF, que \u00e9 o Tribunal Constitucional brasileiro n\u00e3o basta que uma das partes n\u00e3o concorde com a decis\u00e3o proferida pelas inst\u00e2ncias inferiores. Sendo a admissibilidade do recurso (no caso, o extraordin\u00e1rio), condicionada ao pressuposto da repercuss\u00e3o geral \u2013 efeito \u201ccoletivo\u201d da decis\u00e3o.<\/p><p style=\"text-align: left;\">A nossos ver \u00e9 inquestion\u00e1vel que o tema apresentado \u2013 a configura\u00e7\u00e3o da rela\u00e7\u00e3o de emprego entre o aplicativo de corridas Uber e os motoristas. Pois, a decis\u00e3o indubitavelmente provocar\u00e1 efeitos e consequ\u00eancias em uma gama de rela\u00e7\u00f5es, com impactos positivos ou negativos.<\/p><p style=\"text-align: left;\">Falamos em impactos pois, restando reconhecida a v\u00ednculo de emprego, o aplicativo poder\u00e1 se posicionar de forma dr\u00e1stica, com efeitos diretos no \u201cganha p\u00e3o\u201d de muitos brasileiros.<\/p><p style=\"text-align: left;\">Dois dias antes de o STF dar in\u00edcio ao julgamento, o vice Presidente do TST \u2013 Corte do Trabalho, deu uma entrevista ao site Consultor Jur\u00eddico (<a href=\"https:\/\/www.conjur.com.br\/2024-fev-21\/trabalho-nao-e-apenas-a-relacao-de-emprego-afirma-vice-presidente-do-tst\/\">https:\/\/www.conjur.com.br\/2024-fev-21\/trabalho-nao-e-apenas-a-relacao-de-emprego-afirma-vice-presidente-do-tst\/<\/a>), explicando que a rela\u00e7\u00e3o de trabalho n\u00e3o se resume ao v\u00ednculo de emprego, ainda mais depois da Pandemia e dos avan\u00e7os da tecnologia.<\/p><p style=\"text-align: left;\">O ministro Aloysio Corr\u00eaa da Veiga explicou, como falamos em nosso \u00faltimo artigo sobre o tema, que a rela\u00e7\u00e3o de trabalho \u00e9 o g\u00eanero, da qual faz parte a de emprego, da qual \u00e9 uma das muitas esp\u00e9cies.<\/p><p style=\"text-align: left;\">Em sua vis\u00e3o, \u201c<em>N\u00e3o \u00e9 uma atividade laborativa que se inicia e termina dentro de uma jornada com uma <strong>dire\u00e7\u00e3o absoluta<\/strong>. O que ocorre \u00e9 que muitas vezes ela \u00e9 realizada em um momento pequeno espec\u00edfico. E isso se d\u00e1 <strong>com a autonomia na presta\u00e7\u00e3o de servi\u00e7o<\/strong><\/em>\u201d<\/p><p style=\"text-align: left;\">Tais express\u00f5es evidenciam mais uma vez que, para que seja poss\u00edvel falar em emprego, todos os requisitos previstos pela CLT, em seu artigo 2\u00ba e 3\u00ba devem estar presentes. S\u00e3o eles: subordina\u00e7\u00e3o, pessoalidade, n\u00e3o eventualidade e alteridade.<\/p><p style=\"text-align: left;\">No entanto, trata-se de tema que ainda n\u00e3o \u00e9 pac\u00edfico, no pr\u00f3prio TST, sendo que em abril de 2022, a 3\u00aa Turma da Corte decidiu pelo reconhecimento do v\u00ednculo entre motoristas do Uber, 99 e Cabify.<\/p><p style=\"text-align: left;\">E, por isso, a import\u00e2ncia do STF em reconhecer a repercuss\u00e3o da mat\u00e9ria, de forma a proferir decis\u00e3o que traga a necess\u00e1ria seguran\u00e7a jur\u00eddica ao assunto.<\/p><p style=\"text-align: left;\">Tomamos a liberdade de concordar com o Ministro Aloysio, vice presidente do TST, \u00a0no sentido de que, ao motorista de tais aplicativos, n\u00e3o \u00e9 imposta a obriga\u00e7\u00e3o de assumir uma corrida, existindo <strong>liberdade e autonomia <\/strong>dos motoristas, em iniciar as atividades, aceitar ou recusar uma corrida, o que, por si s\u00f3 \u00e9 capaz de afastar um dos principais requisitos da rela\u00e7\u00e3o de emprego \u2013 a subordina\u00e7\u00e3o.<\/p><p style=\"text-align: left;\">E, tampouco a exist\u00eancia de pessoalidade, tendo em vista que, para qualquer um deles, \u00e9 indiferente se o motorista A, B ou C, se apresenta para a atividade. E, portanto, pode se fazer substituir ou ser substitu\u00eddo, por qualquer outro que tenha esse interesse.<\/p><p style=\"text-align: left;\">Indagamos: ser\u00e1 que esse entendimento preconizado pelo vice presidente da Corte do Trabalho \u00e9 um press\u00e1gio do entendimento que a ser firmado pelo STF neste caso concreto, com evidente repercuss\u00e3o geral?<\/p><p style=\"text-align: left;\">O julgamento est\u00e1 previsto para durar at\u00e9 a pr\u00f3xima sexta-feira, dia 30.02. Acompanhem com a gente! Nossa equipe ir\u00e1 tecer coment\u00e1rios a cada nova fase e decis\u00e3o.<\/p>\t\t\t\t<\/div>\t\t\t\t<\/div>\n\t\t\t\t<\/div>\n\t\t\t\t\t<\/div>\n\t\t<\/div>\n\t\t\t\t\t<\/div>\n\t\t<\/section>\n\t\t\t\t<section class=\"elementor-section elementor-top-section elementor-element elementor-element-2240f4d elementor-section-boxed elementor-section-height-default elementor-section-height-default\" data-id=\"2240f4d\" data-element_type=\"section\">\n\t\t\t\t\t\t<div class=\"elementor-container elementor-column-gap-default\">\n\t\t\t\t\t<div class=\"elementor-column elementor-col-100 elementor-top-column elementor-element elementor-element-ff82f9b\" data-id=\"ff82f9b\" data-element_type=\"column\">\n\t\t\t<div class=\"elementor-widget-wrap elementor-element-populated\">\n\t\t\t\t\t\t<div class=\"elementor-element elementor-element-f0bdd85 elementor-widget elementor-widget-html\" data-id=\"f0bdd85\" data-element_type=\"widget\" data-widget_type=\"html.default\">\n\t\t\t\t<div class=\"elementor-widget-container\">\n\t\t\t\t\t<a href=\"https:\/\/br.freepik.com\/fotos-gratis\/movimento-desfocado-dirigindo-a-noite-na-vida-da-cidade-ia-generativa_47205783.htm#fromView=search&page=1&position=1&uuid=7b23d971-2f7d-41b9-b857-0d5d7c136e9e\">Imagem de vecstock no Freepik<\/a>\t\t\t\t<\/div>\n\t\t\t\t<\/div>\n\t\t\t\t\t<\/div>\n\t\t<\/div>\n\t\t\t\t\t<\/div>\n\t\t<\/section>\n\t\t\t\t<\/div>\n\t\t","protected":false},"excerpt":{"rendered":"<p>O STF deu in\u00edcio na \u00faltima sexta-feira, 23 de fevereiro, ao julgamento de um importante tema, cuja decis\u00e3o final, indubitavelmente repercutir\u00e1 na manuten\u00e7\u00e3o (ou n\u00e3o)&hellip;<\/p>\n","protected":false},"author":61,"featured_media":7028,"comment_status":"open","ping_status":"open","sticky":false,"template":"","format":"standard","meta":{"footnotes":""},"categories":[136],"tags":[137],"class_list":["post-7027","post","type-post","status-publish","format-standard","has-post-thumbnail","hentry","category-nucleo-trabalhista","tag-nucleo-trabalhista"],"_links":{"self":[{"href":"https:\/\/fernandeschristofaro.com.br\/api\/wp\/v2\/posts\/7027","targetHints":{"allow":["GET"]}}],"collection":[{"href":"https:\/\/fernandeschristofaro.com.br\/api\/wp\/v2\/posts"}],"about":[{"href":"https:\/\/fernandeschristofaro.com.br\/api\/wp\/v2\/types\/post"}],"author":[{"embeddable":true,"href":"https:\/\/fernandeschristofaro.com.br\/api\/wp\/v2\/users\/61"}],"replies":[{"embeddable":true,"href":"https:\/\/fernandeschristofaro.com.br\/api\/wp\/v2\/comments?post=7027"}],"version-history":[{"count":3,"href":"https:\/\/fernandeschristofaro.com.br\/api\/wp\/v2\/posts\/7027\/revisions"}],"predecessor-version":[{"id":7032,"href":"https:\/\/fernandeschristofaro.com.br\/api\/wp\/v2\/posts\/7027\/revisions\/7032"}],"wp:featuredmedia":[{"embeddable":true,"href":"https:\/\/fernandeschristofaro.com.br\/api\/wp\/v2\/media\/7028"}],"wp:attachment":[{"href":"https:\/\/fernandeschristofaro.com.br\/api\/wp\/v2\/media?parent=7027"}],"wp:term":[{"taxonomy":"category","embeddable":true,"href":"https:\/\/fernandeschristofaro.com.br\/api\/wp\/v2\/categories?post=7027"},{"taxonomy":"post_tag","embeddable":true,"href":"https:\/\/fernandeschristofaro.com.br\/api\/wp\/v2\/tags?post=7027"}],"curies":[{"name":"wp","href":"https:\/\/api.w.org\/{rel}","templated":true}]}}