{"id":6381,"date":"2024-02-07T16:08:53","date_gmt":"2024-02-07T19:08:53","guid":{"rendered":"https:\/\/fernandeschristofaro.com.br\/?p=6381"},"modified":"2024-02-07T16:15:33","modified_gmt":"2024-02-07T19:15:33","slug":"por-quanto-tempo-a-construtora-e-responsavel-por-defeitos-do-meu-apartamento","status":"publish","type":"post","link":"https:\/\/fernandeschristofaro.com.br\/2024\/02\/07\/por-quanto-tempo-a-construtora-e-responsavel-por-defeitos-do-meu-apartamento\/","title":{"rendered":"Por quanto tempo a construtora \u00e9 respons\u00e1vel por defeitos do meu apartamento?"},"content":{"rendered":"\t\t<div data-elementor-type=\"wp-post\" data-elementor-id=\"6381\" class=\"elementor elementor-6381\" data-elementor-post-type=\"post\">\n\t\t\t\t\t\t<section class=\"elementor-section elementor-top-section elementor-element elementor-element-4348f393 elementor-section-boxed elementor-section-height-default elementor-section-height-default\" data-id=\"4348f393\" data-element_type=\"section\">\n\t\t\t\t\t\t<div class=\"elementor-container elementor-column-gap-default\">\n\t\t\t\t\t<div class=\"elementor-column elementor-col-100 elementor-top-column elementor-element elementor-element-7ef28da0\" data-id=\"7ef28da0\" data-element_type=\"column\">\n\t\t\t<div class=\"elementor-widget-wrap elementor-element-populated\">\n\t\t\t\t\t\t<div class=\"elementor-element elementor-element-324e88c5 elementor-widget elementor-widget-text-editor\" data-id=\"324e88c5\" data-element_type=\"widget\" data-widget_type=\"text-editor.default\">\n\t\t\t\t<div class=\"elementor-widget-container\">\n\t\t\t\t\t<div class=\"bb-theme-elementor-wrap bb-elementor-custom-family bb-elementor-custom-size\">\t\t\t\t<p>Em regra, a garantia da Construtora \u00e9 de 5 (cinco) anos a contar da entrega do im\u00f3vel ao propriet\u00e1rio.<br \/><br \/><i>\u201cGabriela, passaram-se os 5 anos da garantia e ainda n\u00e3o tive o meu problema resolvido. O que eu fa\u00e7o? Perdi o meu direito de cobrar a garantia da construtora?\u201d<br \/><br \/><\/i>Fique tranquilo, nem tudo est\u00e1 perdido!<br \/><br \/>\u00c9 importante esclarecer que o prazo da garantia n\u00e3o diz respeito ao tempo que voc\u00ea tem para solicitar \u00e0 Construtora o conserto do defeito, mas sim ao prazo em que o defeito <b>ocorreu.<br \/><br \/><\/b>Explico: todo defeito que ocorrer ao im\u00f3vel dentro dos 5 anos da garantia, dever\u00e3o ser resolvidos pela Construtora, mesmo que voc\u00ea demore mais do que este per\u00edodo para solicitar essa resolu\u00e7\u00e3o.<br \/><br \/>Exemplo: Verifiquei que surgiu uma rachadura no meu im\u00f3vel 1 dia antes de terminar os 5 anos da garantia. Entrei em contato com a Construtora, mas demoraram 7 dias para me retornar. Perdi a garantia da Construtora?<br \/><br \/>A resposta \u00e9: N\u00e3o!<br \/><br \/>Note que o defeito ocorreu dentro dos 5 anos garantidos. Nessa situa\u00e7\u00e3o, \u00e9 poss\u00edvel que voc\u00ea cobre a construtora pelo defeito apresentado.<br \/><br \/>Mas aten\u00e7\u00e3o: calcular o prazo, analisar o defeito e os detalhes do caso demanda experi\u00eancia e conhecimento t\u00e9cnico.<br \/><br \/>Quer saber se o seu problema ainda \u00e9 responsabilidade da construtora?<br \/><br \/>Contate nosso N\u00facleo Imobili\u00e1rio, formado por especialistas na \u00e1rea que te dar\u00e3o todas as informa\u00e7\u00f5es necess\u00e1rias.<\/p>\t\t\t\t<\/div>\t\t\t\t<\/div>\n\t\t\t\t<\/div>\n\t\t\t\t<div class=\"elementor-element elementor-element-a211da1 elementor-button-info elementor-align-center elementor-widget elementor-widget-button\" data-id=\"a211da1\" data-element_type=\"widget\" data-widget_type=\"button.default\">\n\t\t\t\t<div class=\"elementor-widget-container\">\n\t\t\t\t\t\t\t\t\t<div class=\"elementor-button-wrapper\">\n\t\t\t\t\t<a class=\"elementor-button elementor-button-link elementor-size-md\" href=\"https:\/\/wa.link\/qf72d3\">\n\t\t\t\t\t\t<span class=\"elementor-button-content-wrapper\">\n\t\t\t\t\t\t<span class=\"elementor-button-icon\">\n\t\t\t\t<svg aria-hidden=\"true\" class=\"e-font-icon-svg e-fab-whatsapp\" viewBox=\"0 0 448 512\" xmlns=\"http:\/\/www.w3.org\/2000\/svg\"><path d=\"M380.9 97.1C339 55.1 283.2 32 223.9 32c-122.4 0-222 99.6-222 222 0 39.1 10.2 77.3 29.6 111L0 480l117.7-30.9c32.4 17.7 68.9 27 106.1 27h.1c122.3 0 224.1-99.6 224.1-222 0-59.3-25.2-115-67.1-157zm-157 341.6c-33.2 0-65.7-8.9-94-25.7l-6.7-4-69.8 18.3L72 359.2l-4.4-7c-18.5-29.4-28.2-63.3-28.2-98.2 0-101.7 82.8-184.5 184.6-184.5 49.3 0 95.6 19.2 130.4 54.1 34.8 34.9 56.2 81.2 56.1 130.5 0 101.8-84.9 184.6-186.6 184.6zm101.2-138.2c-5.5-2.8-32.8-16.2-37.9-18-5.1-1.9-8.8-2.8-12.5 2.8-3.7 5.6-14.3 18-17.6 21.8-3.2 3.7-6.5 4.2-12 1.4-32.6-16.3-54-29.1-75.5-66-5.7-9.8 5.7-9.1 16.3-30.3 1.8-3.7.9-6.9-.5-9.7-1.4-2.8-12.5-30.1-17.1-41.2-4.5-10.8-9.1-9.3-12.5-9.5-3.2-.2-6.9-.2-10.6-.2-3.7 0-9.7 1.4-14.8 6.9-5.1 5.6-19.4 19-19.4 46.3 0 27.3 19.9 53.7 22.6 57.4 2.8 3.7 39.1 59.7 94.8 83.8 35.2 15.2 49 16.5 66.6 13.9 10.7-1.6 32.8-13.4 37.4-26.4 4.6-13 4.6-24.1 3.2-26.4-1.3-2.5-5-3.9-10.5-6.6z\"><\/path><\/svg>\t\t\t<\/span>\n\t\t\t\t\t\t\t\t\t<span class=\"elementor-button-text\">Fale com os nossos especialistas<\/span>\n\t\t\t\t\t<\/span>\n\t\t\t\t\t<\/a>\n\t\t\t\t<\/div>\n\t\t\t\t\t\t\t\t<\/div>\n\t\t\t\t<\/div>\n\t\t\t\t\t<\/div>\n\t\t<\/div>\n\t\t\t\t\t<\/div>\n\t\t<\/section>\n\t\t\t\t<section class=\"elementor-section elementor-top-section elementor-element elementor-element-49c6777 elementor-section-boxed elementor-section-height-default elementor-section-height-default\" data-id=\"49c6777\" data-element_type=\"section\">\n\t\t\t\t\t\t<div class=\"elementor-container elementor-column-gap-default\">\n\t\t\t\t\t<div class=\"elementor-column elementor-col-100 elementor-top-column elementor-element elementor-element-45d4d0a\" data-id=\"45d4d0a\" data-element_type=\"column\">\n\t\t\t<div class=\"elementor-widget-wrap elementor-element-populated\">\n\t\t\t\t\t\t<div class=\"elementor-element elementor-element-369e327 elementor-widget elementor-widget-spacer\" data-id=\"369e327\" data-element_type=\"widget\" data-widget_type=\"spacer.default\">\n\t\t\t\t<div class=\"elementor-widget-container\">\n\t\t\t\t\t\t\t<div class=\"elementor-spacer\">\n\t\t\t<div class=\"elementor-spacer-inner\"><\/div>\n\t\t<\/div>\n\t\t\t\t\t\t<\/div>\n\t\t\t\t<\/div>\n\t\t\t\t\t<\/div>\n\t\t<\/div>\n\t\t\t\t\t<\/div>\n\t\t<\/section>\n\t\t\t\t<\/div>\n\t\t","protected":false},"excerpt":{"rendered":"<p>Em regra, a garantia da Construtora \u00e9 de 5 (cinco) anos a contar da entrega do im\u00f3vel ao propriet\u00e1rio. \u201cGabriela, passaram-se os 5 anos da&hellip;<\/p>\n","protected":false},"author":62,"featured_media":6386,"comment_status":"open","ping_status":"open","sticky":false,"template":"","format":"standard","meta":{"footnotes":""},"categories":[133],"tags":[132],"class_list":["post-6381","post","type-post","status-publish","format-standard","has-post-thumbnail","hentry","category-nucleo-direito-imobiliario-condominial","tag-nucleo-direito-imobiliario-condominial"],"_links":{"self":[{"href":"https:\/\/fernandeschristofaro.com.br\/api\/wp\/v2\/posts\/6381","targetHints":{"allow":["GET"]}}],"collection":[{"href":"https:\/\/fernandeschristofaro.com.br\/api\/wp\/v2\/posts"}],"about":[{"href":"https:\/\/fernandeschristofaro.com.br\/api\/wp\/v2\/types\/post"}],"author":[{"embeddable":true,"href":"https:\/\/fernandeschristofaro.com.br\/api\/wp\/v2\/users\/62"}],"replies":[{"embeddable":true,"href":"https:\/\/fernandeschristofaro.com.br\/api\/wp\/v2\/comments?post=6381"}],"version-history":[{"count":4,"href":"https:\/\/fernandeschristofaro.com.br\/api\/wp\/v2\/posts\/6381\/revisions"}],"predecessor-version":[{"id":6702,"href":"https:\/\/fernandeschristofaro.com.br\/api\/wp\/v2\/posts\/6381\/revisions\/6702"}],"wp:featuredmedia":[{"embeddable":true,"href":"https:\/\/fernandeschristofaro.com.br\/api\/wp\/v2\/media\/6386"}],"wp:attachment":[{"href":"https:\/\/fernandeschristofaro.com.br\/api\/wp\/v2\/media?parent=6381"}],"wp:term":[{"taxonomy":"category","embeddable":true,"href":"https:\/\/fernandeschristofaro.com.br\/api\/wp\/v2\/categories?post=6381"},{"taxonomy":"post_tag","embeddable":true,"href":"https:\/\/fernandeschristofaro.com.br\/api\/wp\/v2\/tags?post=6381"}],"curies":[{"name":"wp","href":"https:\/\/api.w.org\/{rel}","templated":true}]}}