{"id":6205,"date":"2023-07-21T16:51:33","date_gmt":"2023-07-21T19:51:33","guid":{"rendered":"https:\/\/fernandeschristofaro.com.br\/?p=6205"},"modified":"2023-07-21T16:51:59","modified_gmt":"2023-07-21T19:51:59","slug":"inpi-concede-o-primeiro-registro-de-marca-de-posicao-voce-sabe-o-que-e-isso","status":"publish","type":"post","link":"https:\/\/fernandeschristofaro.com.br\/2023\/07\/21\/inpi-concede-o-primeiro-registro-de-marca-de-posicao-voce-sabe-o-que-e-isso\/","title":{"rendered":"INPI CONCEDE O PRIMEIRO REGISTRO DE MARCA DE POSI\u00c7\u00c3O. VOC\u00ca SABE O QUE \u00c9 ISSO?"},"content":{"rendered":"<p>Inicialmente, vale lembrar que a marca de posi\u00e7\u00e3o foi regulamentada no Brasil apenas em setembro de 2021. Quase dois anos depois surge o primeiro registro. Mas afinal, o que \u00e9 marca de posi\u00e7\u00e3o?<\/p>\n<p>De acordo com o INPI, \u201cconsidera-se marca de posi\u00e7\u00e3o aquela formada pela aplica\u00e7\u00e3o de um sinal em uma posi\u00e7\u00e3o singular e espec\u00edfica de um determinado suporte, resultando em conjunto distintivo capaz de identificar produtos ou servi\u00e7os e distingui-los de outros id\u00eanticos, semelhantes ou afins, desde que a aplica\u00e7\u00e3o do sinal na referida posi\u00e7\u00e3o do suporte possa ser dissociada de efeito t\u00e9cnico ou funcional.\u201d<\/p>\n<p>Ok, Danilo, agora traduz essa defini\u00e7\u00e3o para que fique acess\u00edvel a todos.<\/p>\n<p>Vamos l\u00e1: voc\u00ea conhece as famosas listras dos t\u00eanis Adidas? O famoso arco do \u201cM\u201d de McDonalds? Os conhecidos ilhoses (furinhos) no t\u00eanis da Osklen? Pois \u00e9, isso \u00e9 marca de posi\u00e7\u00e3o.<\/p>\n<p>Ali\u00e1s, o primeiro registro no Brasil foi concedido justamente \u00e0 OSKLEN e \u00e9 relativo aos mencionados ilhoses (ou furinhos). Para quem n\u00e3o conhece ou n\u00e3o pegou a refer\u00eancia, s\u00e3o esses:<\/p>\n<p><img fetchpriority=\"high\" decoding=\"async\" class=\"wp-image-6208 aligncenter\" src=\"https:\/\/fernandeschristofaro.com.br\/s.ferne014e73d\/2023\/07\/osklen-194623-300x184.jpg\" alt=\"\" width=\"354\" height=\"217\" srcset=\"https:\/\/fernandeschristofaro.com.br\/s.v05ak9q7\/2023\/07\/osklen-194623-300x184.jpg 300w, https:\/\/fernandeschristofaro.com.br\/s.v05ak9q7\/2023\/07\/osklen-194623-400x245.jpg 400w, https:\/\/fernandeschristofaro.com.br\/s.v05ak9q7\/2023\/07\/osklen-194623-624x382.jpg 624w, https:\/\/fernandeschristofaro.com.br\/s.v05ak9q7\/2023\/07\/osklen-194623-50x31.jpg 50w, https:\/\/fernandeschristofaro.com.br\/s.v05ak9q7\/2023\/07\/osklen-194623.jpg 709w\" sizes=\"(max-width: 354px) 100vw, 354px\" \/><\/p>\n<h6 style=\"text-align: center;\">(imagem divulga\u00e7\u00e3o OSKLEN)<\/h6>\n<p>Mas cuidado! Nem tudo \u00e9 pass\u00edvel de registro. Lembra dos famosos sapatos do solado vermelho, da marca Louboutin? Pois \u00e9, o INPI negou o registro como marca de posi\u00e7\u00e3o.<\/p>\n<p>Portanto, o ideal \u00e9 consultar um profissional para estudar a viabilidade do registro.<\/p>\n<p>Caso tenha d\u00favidas a respeito, contate os especialistas no @fernandeschristofaroadvocacia pelo email <a href=\"mailto:contato@fernandeschristofaro.com.br\">contato@fernandeschristofaro.com.br<\/a> ou (11) 2338-5161.<\/p>\n","protected":false},"excerpt":{"rendered":"<p>Inicialmente, vale lembrar que a marca de posi\u00e7\u00e3o foi regulamentada no Brasil apenas em setembro de 2021. Quase dois anos depois surge o primeiro registro. Mas afinal, o que \u00e9 marca de posi\u00e7\u00e3o?<\/p>\n","protected":false},"author":57,"featured_media":6206,"comment_status":"open","ping_status":"open","sticky":false,"template":"","format":"standard","meta":{"footnotes":""},"categories":[88],"tags":[],"class_list":["post-6205","post","type-post","status-publish","format-standard","has-post-thumbnail","hentry","category-artigos"],"_links":{"self":[{"href":"https:\/\/fernandeschristofaro.com.br\/api\/wp\/v2\/posts\/6205","targetHints":{"allow":["GET"]}}],"collection":[{"href":"https:\/\/fernandeschristofaro.com.br\/api\/wp\/v2\/posts"}],"about":[{"href":"https:\/\/fernandeschristofaro.com.br\/api\/wp\/v2\/types\/post"}],"author":[{"embeddable":true,"href":"https:\/\/fernandeschristofaro.com.br\/api\/wp\/v2\/users\/57"}],"replies":[{"embeddable":true,"href":"https:\/\/fernandeschristofaro.com.br\/api\/wp\/v2\/comments?post=6205"}],"version-history":[{"count":3,"href":"https:\/\/fernandeschristofaro.com.br\/api\/wp\/v2\/posts\/6205\/revisions"}],"predecessor-version":[{"id":6211,"href":"https:\/\/fernandeschristofaro.com.br\/api\/wp\/v2\/posts\/6205\/revisions\/6211"}],"wp:featuredmedia":[{"embeddable":true,"href":"https:\/\/fernandeschristofaro.com.br\/api\/wp\/v2\/media\/6206"}],"wp:attachment":[{"href":"https:\/\/fernandeschristofaro.com.br\/api\/wp\/v2\/media?parent=6205"}],"wp:term":[{"taxonomy":"category","embeddable":true,"href":"https:\/\/fernandeschristofaro.com.br\/api\/wp\/v2\/categories?post=6205"},{"taxonomy":"post_tag","embeddable":true,"href":"https:\/\/fernandeschristofaro.com.br\/api\/wp\/v2\/tags?post=6205"}],"curies":[{"name":"wp","href":"https:\/\/api.w.org\/{rel}","templated":true}]}}