{"id":4050,"date":"2022-03-01T12:05:40","date_gmt":"2022-03-01T15:05:40","guid":{"rendered":"https:\/\/fernandeschristofaro.v3.curso.app\/?p=4050"},"modified":"2022-03-23T12:11:50","modified_gmt":"2022-03-23T15:11:50","slug":"a-regra-dos-85-95-e-a-nao-incidencia-do-fator-previdenciario-2","status":"publish","type":"post","link":"https:\/\/fernandeschristofaro.com.br\/2022\/03\/01\/a-regra-dos-85-95-e-a-nao-incidencia-do-fator-previdenciario-2\/","title":{"rendered":"A regra dos 85\/95 e a n\u00e3o incid\u00eancia do fator previdenci\u00e1rio"},"content":{"rendered":"\t\t<div data-elementor-type=\"wp-post\" data-elementor-id=\"4050\" class=\"elementor elementor-4050\" data-elementor-post-type=\"post\">\n\t\t\t\t\t\t<section class=\"elementor-section elementor-top-section elementor-element elementor-element-7a2d2a26 elementor-section-boxed elementor-section-height-default elementor-section-height-default\" data-id=\"7a2d2a26\" data-element_type=\"section\">\n\t\t\t\t\t\t<div class=\"elementor-container elementor-column-gap-default\">\n\t\t\t\t\t<div class=\"elementor-column elementor-col-100 elementor-top-column elementor-element elementor-element-b53ecbd\" data-id=\"b53ecbd\" data-element_type=\"column\">\n\t\t\t<div class=\"elementor-widget-wrap elementor-element-populated\">\n\t\t\t\t\t\t<div class=\"elementor-element elementor-element-689010ec elementor-widget elementor-widget-text-editor\" data-id=\"689010ec\" data-element_type=\"widget\" data-widget_type=\"text-editor.default\">\n\t\t\t\t<div class=\"elementor-widget-container\">\n\t\t\t\t\t\t\t\t\t<p id=\"viewer-0tv1o\" class=\"mm8Nw _1j-51 iWv3d _1FoOD _78FBa b+iTF iWv3d public-DraftStyleDefault-block-depth0 fixed-tab-size public-DraftStyleDefault-text-ltr\"><span class=\"_2PHJq public-DraftStyleDefault-ltr\">Na coluna da semana passada (veja <a class=\"_3Bkfb _1lsz7\" href=\"http:\/\/analiseeconomica.com.br\/site\/fator-previdenciario-o-que-e-e-como-afeta-sua-aposentadoria\/\" target=\"_blank\" rel=\"noopener noreferrer noopener\" data-hook=\"linkViewer\">aqui<\/a>), falamos sobre o fator previdenci\u00e1rio e como ele pode afetar a sua aposentadoria. Finalizamos o texto com a promessa de apresentar uma alternativa para \u201cescapar\u201d da incid\u00eancia do referido fator. Pois bem, promessa \u00e9 d\u00edvida e c\u00e1 estamos para cumpri-la.<\/span><\/p><p id=\"viewer-sqope\" class=\"mm8Nw _1j-51 iWv3d _1FoOD _78FBa b+iTF iWv3d public-DraftStyleDefault-block-depth0 fixed-tab-size public-DraftStyleDefault-text-ltr\"><span class=\"_2PHJq public-DraftStyleDefault-ltr\">Em se tratando de Previd\u00eancia Social, existem diversas regras a serem observadas. No texto de hoje, nos limitaremos a falar da n\u00e3o incid\u00eancia do fator previdenci\u00e1rio em raz\u00e3o da aplica\u00e7\u00e3o da regra\/f\u00f3rmula 85\/95.<\/span><\/p><p id=\"viewer-gpekc\" class=\"mm8Nw _1j-51 iWv3d _1FoOD _78FBa b+iTF iWv3d public-DraftStyleDefault-block-depth0 fixed-tab-size public-DraftStyleDefault-text-ltr\"><span class=\"_2PHJq public-DraftStyleDefault-ltr\">A Medida Provis\u00f3ria 676, publicada em junho de 2015, instituiu a chamada regra 85(mulher)\/95(homem), para tornar facultativa a incid\u00eancia do fator previdenci\u00e1rio na aposentadoria por tempo de contribui\u00e7\u00e3o. <\/span><\/p><div data-hook=\"rcv-block9\">\u00a0<\/div><div data-hook=\"rcv-block10\">Como funciona?<\/div><div data-hook=\"rcv-block12\">\u00a0<\/div><p id=\"viewer-u9ysn\" class=\"mm8Nw _1j-51 iWv3d _1FoOD _78FBa b+iTF iWv3d public-DraftStyleDefault-block-depth0 fixed-tab-size public-DraftStyleDefault-text-ltr\"><span class=\"_2PHJq public-DraftStyleDefault-ltr\">Os segurados que preencherem os requisitos para aposentadoria por tempo de contribui\u00e7\u00e3o (homem com 35 anos de contribui\u00e7\u00e3o ou mulher com 30 anos de contribui\u00e7\u00e3o) poder\u00e3o optar pela n\u00e3o incid\u00eancia do fator previdenci\u00e1rio no c\u00e1lculo de sua aposentadoria quando o resultante da soma do tempo de contribui\u00e7\u00e3o e de sua idade for igual ou superior a oitenta e cinco pontos, se mulher, ou noventa e cinco pontos, se homem.<\/span><\/p><p id=\"viewer-o0j3m\" class=\"mm8Nw _1j-51 iWv3d _1FoOD _78FBa b+iTF iWv3d public-DraftStyleDefault-block-depth0 fixed-tab-size public-DraftStyleDefault-text-ltr\"><span class=\"_2PHJq public-DraftStyleDefault-ltr\">Exemplo: um homem com 60 anos de idade e 35 anos de tempo de contribui\u00e7\u00e3o totaliza 95 pontos (60+35=95). Neste caso hipot\u00e9tico, ele preencheu a regra e poder\u00e1 se aposentar sem o fator previdenci\u00e1rio.<\/span><\/p><p id=\"viewer-el6a4\" class=\"mm8Nw _1j-51 iWv3d _1FoOD _78FBa b+iTF iWv3d public-DraftStyleDefault-block-depth0 fixed-tab-size public-DraftStyleDefault-text-ltr\"><span class=\"_2PHJq public-DraftStyleDefault-ltr\">Caso a soma seja menor do que 95 para homem e 85 para mulher, incide o fato previdenci\u00e1rio e todas as regras inerentes.<\/span><\/p><p id=\"viewer-0j7pz\" class=\"mm8Nw _1j-51 iWv3d _1FoOD _78FBa b+iTF iWv3d public-DraftStyleDefault-block-depth0 fixed-tab-size public-DraftStyleDefault-text-ltr\"><span class=\"_2PHJq public-DraftStyleDefault-ltr\">Vale alertar que essa regra 85\/95 \u00e9 progressiva, isto \u00e9, de acordo com o texto normativo ela aumentar\u00e1 em um ponto dia 31 de dezembro de 2018, de 2020, de 2022, de 2024 e de 2026. De 01 de janeiro de 2027 em diante a regra ser\u00e1 de 90 (mulher) e 100 (homem).<\/span><\/p><p id=\"viewer-d7ijz\" class=\"mm8Nw _1j-51 iWv3d _1FoOD _78FBa b+iTF iWv3d public-DraftStyleDefault-block-depth0 fixed-tab-size public-DraftStyleDefault-text-ltr\"><span class=\"_2PHJq public-DraftStyleDefault-ltr\">Portanto, mais uma vez alertamos: o segredo \u00e9 se planejar!<\/span><\/p><p id=\"viewer-esupl\" class=\"mm8Nw _1j-51 iWv3d _1FoOD _78FBa b+iTF iWv3d public-DraftStyleDefault-block-depth0 fixed-tab-size public-DraftStyleDefault-text-ltr\">\u00a0<\/p><pre><em>O texto acima tem fun\u00e7\u00e3o informativa e n\u00e3o impositiva. Para quaisquer informa\u00e7\u00f5es adicionais, consulte-nos.<\/em><\/pre>\t\t\t\t\t\t\t\t<\/div>\n\t\t\t\t<\/div>\n\t\t\t\t\t<\/div>\n\t\t<\/div>\n\t\t\t\t\t<\/div>\n\t\t<\/section>\n\t\t\t\t<\/div>\n\t\t","protected":false},"excerpt":{"rendered":"<p>Na coluna da semana passada (veja aqui), falamos sobre o fator previdenci\u00e1rio e como ele pode afetar a sua aposentadoria. Finalizamos o\u2026<\/p>\n","protected":false},"author":56,"featured_media":4051,"comment_status":"open","ping_status":"open","sticky":false,"template":"","format":"standard","meta":{"footnotes":""},"categories":[88,93,92],"tags":[],"class_list":["post-4050","post","type-post","status-publish","format-standard","has-post-thumbnail","hentry","category-artigos","category-direito-digital","category-seguranca-na-internet"],"_links":{"self":[{"href":"https:\/\/fernandeschristofaro.com.br\/api\/wp\/v2\/posts\/4050","targetHints":{"allow":["GET"]}}],"collection":[{"href":"https:\/\/fernandeschristofaro.com.br\/api\/wp\/v2\/posts"}],"about":[{"href":"https:\/\/fernandeschristofaro.com.br\/api\/wp\/v2\/types\/post"}],"author":[{"embeddable":true,"href":"https:\/\/fernandeschristofaro.com.br\/api\/wp\/v2\/users\/56"}],"replies":[{"embeddable":true,"href":"https:\/\/fernandeschristofaro.com.br\/api\/wp\/v2\/comments?post=4050"}],"version-history":[{"count":3,"href":"https:\/\/fernandeschristofaro.com.br\/api\/wp\/v2\/posts\/4050\/revisions"}],"predecessor-version":[{"id":4056,"href":"https:\/\/fernandeschristofaro.com.br\/api\/wp\/v2\/posts\/4050\/revisions\/4056"}],"wp:featuredmedia":[{"embeddable":true,"href":"https:\/\/fernandeschristofaro.com.br\/api\/wp\/v2\/media\/4051"}],"wp:attachment":[{"href":"https:\/\/fernandeschristofaro.com.br\/api\/wp\/v2\/media?parent=4050"}],"wp:term":[{"taxonomy":"category","embeddable":true,"href":"https:\/\/fernandeschristofaro.com.br\/api\/wp\/v2\/categories?post=4050"},{"taxonomy":"post_tag","embeddable":true,"href":"https:\/\/fernandeschristofaro.com.br\/api\/wp\/v2\/tags?post=4050"}],"curies":[{"name":"wp","href":"https:\/\/api.w.org\/{rel}","templated":true}]}}