{"id":2308,"date":"2022-03-16T12:00:09","date_gmt":"2022-03-16T15:00:09","guid":{"rendered":"https:\/\/fernandeschristofaro.v3.curso.app\/?p=2308"},"modified":"2022-04-05T16:03:29","modified_gmt":"2022-04-05T19:03:29","slug":"lgpd-o-que-muda-apos-1o-de-agosto-de-2021-com-as-sancoes-administrativas","status":"publish","type":"post","link":"https:\/\/fernandeschristofaro.com.br\/2022\/03\/16\/lgpd-o-que-muda-apos-1o-de-agosto-de-2021-com-as-sancoes-administrativas\/","title":{"rendered":"LGPD: O que muda ap\u00f3s 1\u00ba de agosto de 2021 com as san\u00e7\u00f5es administrativas?"},"content":{"rendered":"\t\t<div data-elementor-type=\"wp-post\" data-elementor-id=\"2308\" class=\"elementor elementor-2308\" data-elementor-post-type=\"post\">\n\t\t\t\t\t\t<section class=\"elementor-section elementor-top-section elementor-element elementor-element-398a772e elementor-section-full_width elementor-section-height-default elementor-section-height-default\" data-id=\"398a772e\" data-element_type=\"section\">\n\t\t\t\t\t\t<div class=\"elementor-container elementor-column-gap-no\">\n\t\t\t\t\t<div class=\"elementor-column elementor-col-100 elementor-top-column elementor-element elementor-element-20d7c040\" data-id=\"20d7c040\" data-element_type=\"column\">\n\t\t\t<div class=\"elementor-widget-wrap elementor-element-populated\">\n\t\t\t\t\t\t<div class=\"elementor-element elementor-element-afbcb7e elementor-widget elementor-widget-shortcode\" data-id=\"afbcb7e\" data-element_type=\"widget\" data-widget_type=\"shortcode.default\">\n\t\t\t\t<div class=\"elementor-widget-container\">\n\t\t\t\t\t\t\t<div class=\"elementor-shortcode\">\t\t<div data-elementor-type=\"header\" data-elementor-id=\"1080\" class=\"elementor elementor-1080\" data-elementor-post-type=\"elementor_library\">\n\t\t\t\t\t<section class=\"elementor-section elementor-top-section elementor-element elementor-element-893ce30 elementor-section-boxed elementor-section-height-default elementor-section-height-default\" data-id=\"893ce30\" data-element_type=\"section\" data-settings=\"{&quot;background_background&quot;:&quot;classic&quot;}\">\n\t\t\t\t\t\t<div class=\"elementor-container elementor-column-gap-wide\">\n\t\t\t\t\t<div class=\"elementor-column elementor-col-50 elementor-top-column elementor-element elementor-element-37645af\" data-id=\"37645af\" data-element_type=\"column\">\n\t\t\t<div class=\"elementor-widget-wrap elementor-element-populated\">\n\t\t\t\t\t\t<div class=\"elementor-element elementor-element-29b4932 elementor-widget elementor-widget-image\" data-id=\"29b4932\" data-element_type=\"widget\" data-widget_type=\"image.default\">\n\t\t\t\t<div class=\"elementor-widget-container\">\n\t\t\t\t\t\t\t\t\t\t\t\t\t\t\t<img fetchpriority=\"high\" decoding=\"async\" width=\"1658\" height=\"306\" src=\"https:\/\/fernandeschristofaro.com.br\/s.v05ak9q7\/2022\/02\/fca-edutech-180412.png\" class=\"attachment-full size-full wp-image-1877\" alt=\"\" srcset=\"https:\/\/fernandeschristofaro.com.br\/s.v05ak9q7\/2022\/02\/fca-edutech-180412.png 1658w, https:\/\/fernandeschristofaro.com.br\/s.v05ak9q7\/2022\/02\/fca-edutech-180412-300x55.png 300w, https:\/\/fernandeschristofaro.com.br\/s.v05ak9q7\/2022\/02\/fca-edutech-180412-1024x189.png 1024w, https:\/\/fernandeschristofaro.com.br\/s.v05ak9q7\/2022\/02\/fca-edutech-180412-768x142.png 768w, https:\/\/fernandeschristofaro.com.br\/s.v05ak9q7\/2022\/02\/fca-edutech-180412-1536x283.png 1536w, https:\/\/fernandeschristofaro.com.br\/s.v05ak9q7\/2022\/02\/fca-edutech-180412-400x74.png 400w, https:\/\/fernandeschristofaro.com.br\/s.v05ak9q7\/2022\/02\/fca-edutech-180412-624x115.png 624w, https:\/\/fernandeschristofaro.com.br\/s.v05ak9q7\/2022\/02\/fca-edutech-180412-50x9.png 50w\" sizes=\"(max-width: 1658px) 100vw, 1658px\" \/>\t\t\t\t\t\t\t\t\t\t\t\t\t\t\t<\/div>\n\t\t\t\t<\/div>\n\t\t\t\t\t<\/div>\n\t\t<\/div>\n\t\t\t\t<div class=\"elementor-column elementor-col-50 elementor-top-column elementor-element elementor-element-105ae41\" data-id=\"105ae41\" data-element_type=\"column\">\n\t\t\t<div class=\"elementor-widget-wrap elementor-element-populated\">\n\t\t\t\t\t\t<div class=\"elementor-element elementor-element-0916d06 elementor-nav-menu__align-center elementor-nav-menu--dropdown-tablet elementor-nav-menu__text-align-aside elementor-nav-menu--toggle elementor-nav-menu--burger elementor-widget elementor-widget-nav-menu\" data-id=\"0916d06\" data-element_type=\"widget\" data-settings=\"{&quot;layout&quot;:&quot;horizontal&quot;,&quot;submenu_icon&quot;:{&quot;value&quot;:&quot;&lt;svg class=\\&quot;e-font-icon-svg e-fas-caret-down\\&quot; viewBox=\\&quot;0 0 320 512\\&quot; xmlns=\\&quot;http:\\\/\\\/www.w3.org\\\/2000\\\/svg\\&quot;&gt;&lt;path d=\\&quot;M31.3 192h257.3c17.8 0 26.7 21.5 14.1 34.1L174.1 354.8c-7.8 7.8-20.5 7.8-28.3 0L17.2 226.1C4.6 213.5 13.5 192 31.3 192z\\&quot;&gt;&lt;\\\/path&gt;&lt;\\\/svg&gt;&quot;,&quot;library&quot;:&quot;fa-solid&quot;},&quot;toggle&quot;:&quot;burger&quot;}\" data-widget_type=\"nav-menu.default\">\n\t\t\t\t<div class=\"elementor-widget-container\">\n\t\t\t\t\t\t\t\t<nav aria-label=\"Menu\" class=\"elementor-nav-menu--main elementor-nav-menu__container elementor-nav-menu--layout-horizontal e--pointer-underline e--animation-fade\">\n\t\t\t\t<ul id=\"menu-1-0916d06\" class=\"elementor-nav-menu\"><li class=\"menu-item menu-item-type-custom menu-item-object-custom menu-item-859\"><a href=\"\/\" class=\"elementor-item\">ADVOCACIA<\/a><\/li>\n<li class=\"menu-item menu-item-type-custom menu-item-object-custom menu-item-860\"><a href=\"\/nossa-historia\" class=\"elementor-item\">NOSSA HIST\u00d3RIA<\/a><\/li>\n<li class=\"menu-item menu-item-type-custom menu-item-object-custom menu-item-878\"><a href=\"\/remocao-de-conteudo\/\" class=\"elementor-item\">REMO\u00c7\u00c3O DE CONTE\u00daDO<\/a><\/li>\n<li class=\"menu-item menu-item-type-custom menu-item-object-custom menu-item-861\"><a href=\"\/edutech\" class=\"elementor-item\">BLOG<\/a><\/li>\n<li class=\"menu-item menu-item-type-custom menu-item-object-custom menu-item-877\"><a href=\"\/contato\" class=\"elementor-item\">CONTATO<\/a><\/li>\n<\/ul>\t\t\t<\/nav>\n\t\t\t\t\t<div class=\"elementor-menu-toggle\" role=\"button\" tabindex=\"0\" aria-label=\"Alternar menu\" aria-expanded=\"false\">\n\t\t\t<svg aria-hidden=\"true\" role=\"presentation\" class=\"elementor-menu-toggle__icon--open e-font-icon-svg e-eicon-menu-bar\" viewBox=\"0 0 1000 1000\" xmlns=\"http:\/\/www.w3.org\/2000\/svg\"><path d=\"M104 333H896C929 333 958 304 958 271S929 208 896 208H104C71 208 42 237 42 271S71 333 104 333ZM104 583H896C929 583 958 554 958 521S929 458 896 458H104C71 458 42 487 42 521S71 583 104 583ZM104 833H896C929 833 958 804 958 771S929 708 896 708H104C71 708 42 737 42 771S71 833 104 833Z\"><\/path><\/svg><svg aria-hidden=\"true\" role=\"presentation\" class=\"elementor-menu-toggle__icon--close e-font-icon-svg e-eicon-close\" viewBox=\"0 0 1000 1000\" xmlns=\"http:\/\/www.w3.org\/2000\/svg\"><path d=\"M742 167L500 408 258 167C246 154 233 150 217 150 196 150 179 158 167 167 154 179 150 196 150 212 150 229 154 242 171 254L408 500 167 742C138 771 138 800 167 829 196 858 225 858 254 829L496 587 738 829C750 842 767 846 783 846 800 846 817 842 829 829 842 817 846 804 846 783 846 767 842 750 829 737L588 500 833 258C863 229 863 200 833 171 804 137 775 137 742 167Z\"><\/path><\/svg>\t\t<\/div>\n\t\t\t\t\t<nav class=\"elementor-nav-menu--dropdown elementor-nav-menu__container\" aria-hidden=\"true\">\n\t\t\t\t<ul id=\"menu-2-0916d06\" class=\"elementor-nav-menu\"><li class=\"menu-item menu-item-type-custom menu-item-object-custom menu-item-859\"><a href=\"\/\" class=\"elementor-item\" tabindex=\"-1\">ADVOCACIA<\/a><\/li>\n<li class=\"menu-item menu-item-type-custom menu-item-object-custom menu-item-860\"><a href=\"\/nossa-historia\" class=\"elementor-item\" tabindex=\"-1\">NOSSA HIST\u00d3RIA<\/a><\/li>\n<li class=\"menu-item menu-item-type-custom menu-item-object-custom menu-item-878\"><a href=\"\/remocao-de-conteudo\/\" class=\"elementor-item\" tabindex=\"-1\">REMO\u00c7\u00c3O DE CONTE\u00daDO<\/a><\/li>\n<li class=\"menu-item menu-item-type-custom menu-item-object-custom menu-item-861\"><a href=\"\/edutech\" class=\"elementor-item\" tabindex=\"-1\">BLOG<\/a><\/li>\n<li class=\"menu-item menu-item-type-custom menu-item-object-custom menu-item-877\"><a href=\"\/contato\" class=\"elementor-item\" tabindex=\"-1\">CONTATO<\/a><\/li>\n<\/ul>\t\t\t<\/nav>\n\t\t\t\t\t\t<\/div>\n\t\t\t\t<\/div>\n\t\t\t\t\t<\/div>\n\t\t<\/div>\n\t\t\t\t\t<\/div>\n\t\t<\/section>\n\t\t\t\t<\/div>\n\t\t<\/div>\n\t\t\t\t\t\t<\/div>\n\t\t\t\t<\/div>\n\t\t\t\t\t<\/div>\n\t\t<\/div>\n\t\t\t\t\t<\/div>\n\t\t<\/section>\n\t\t\t\t<section class=\"elementor-section elementor-top-section elementor-element elementor-element-4a577bb8 elementor-section-boxed elementor-section-height-default elementor-section-height-default\" data-id=\"4a577bb8\" data-element_type=\"section\">\n\t\t\t\t\t\t<div class=\"elementor-container elementor-column-gap-wider\">\n\t\t\t\t\t<div class=\"elementor-column elementor-col-100 elementor-top-column elementor-element elementor-element-52d4c901\" data-id=\"52d4c901\" data-element_type=\"column\">\n\t\t\t<div class=\"elementor-widget-wrap elementor-element-populated\">\n\t\t\t\t\t\t<section class=\"elementor-section elementor-inner-section elementor-element elementor-element-16962f60 elementor-section-boxed elementor-section-height-default elementor-section-height-default\" data-id=\"16962f60\" data-element_type=\"section\">\n\t\t\t\t\t\t<div class=\"elementor-container elementor-column-gap-default\">\n\t\t\t\t\t<div class=\"elementor-column elementor-col-100 elementor-inner-column elementor-element elementor-element-6edc64d0\" data-id=\"6edc64d0\" data-element_type=\"column\">\n\t\t\t<div class=\"elementor-widget-wrap elementor-element-populated\">\n\t\t\t\t\t\t<div class=\"elementor-element elementor-element-32db425f elementor-widget elementor-widget-heading\" data-id=\"32db425f\" data-element_type=\"widget\" data-widget_type=\"heading.default\">\n\t\t\t\t<div class=\"elementor-widget-container\">\n\t\t\t\t\t<h1 class=\"elementor-heading-title elementor-size-xl\"><span style=\"background-color: transparent; color: rgb(77, 75, 75); font-family: din-next-w01-light, din-next-w02-light, din-next-w10-light, sans-serif; font-size: 24px; white-space: normal;\">LGPD: O que muda ap\u00f3s 1\u00ba de agosto de 2021 com as san\u00e7\u00f5es administrativas?<\/span><\/h1>\t\t\t\t<\/div>\n\t\t\t\t<\/div>\n\t\t\t\t\t<\/div>\n\t\t<\/div>\n\t\t\t\t\t<\/div>\n\t\t<\/section>\n\t\t\t\t\t<\/div>\n\t\t<\/div>\n\t\t\t\t\t<\/div>\n\t\t<\/section>\n\t\t\t\t<section class=\"elementor-section elementor-top-section elementor-element elementor-element-65863a4 elementor-section-full_width elementor-section-height-default elementor-section-height-default\" data-id=\"65863a4\" data-element_type=\"section\">\n\t\t\t\t\t\t<div class=\"elementor-container elementor-column-gap-no\">\n\t\t\t\t\t<div class=\"elementor-column elementor-col-100 elementor-top-column elementor-element elementor-element-e1381f3\" data-id=\"e1381f3\" data-element_type=\"column\">\n\t\t\t<div class=\"elementor-widget-wrap elementor-element-populated\">\n\t\t\t\t\t\t<div class=\"elementor-element elementor-element-0da1e9e elementor-widget elementor-widget-text-editor\" data-id=\"0da1e9e\" data-element_type=\"widget\" data-widget_type=\"text-editor.default\">\n\t\t\t\t<div class=\"elementor-widget-container\">\n\t\t\t\t\t\t\t\t\t<p>No \u00faltimo domingo, 1\u00ba de agosto, a Autoridade Nacional de Prote\u00e7\u00e3o de Dados (ANPD) publicou uma nota com esclarecimentos a respeito das san\u00e7\u00f5es administrativas sobre os artigos da LGPD que entraram em vigor. Leia abaixo o <a class=\"_3Bkfb _1lsz7\" href=\"https:\/\/www.gov.br\/anpd\/pt-br\/assuntos\/noticias\/sancoes-administrativas-o-que-muda-apos-1o-de-agosto-de-2021?utm_medium=social&amp;utm_source=linkedin&amp;utm_campaign=postfity&amp;utm_content=postfity463de\" target=\"_blank\" rel=\"noopener noreferrer\" data-hook=\"linkViewer\"><strong>texto do Governo Federal<\/strong><\/a> na \u00edntegra:<\/p><p id=\"viewer-b675e\" class=\"mm8Nw _1j-51 _1atvN _1FoOD _78FBa _3_La3 _1atvN public-DraftStyleDefault-block-depth0 fixed-tab-size public-DraftStyleDefault-text-ltr\"><span class=\"_2PHJq public-DraftStyleDefault-ltr\"><strong>1) Quando as san\u00e7\u00f5es previstas na LGPD entram em vigor?<\/strong><\/span><\/p><p id=\"viewer-91gk8\" class=\"mm8Nw _1j-51 _1atvN _1FoOD _78FBa _3_La3 _1atvN public-DraftStyleDefault-block-depth0 fixed-tab-size public-DraftStyleDefault-text-ltr\"><span class=\"_2PHJq public-DraftStyleDefault-ltr\">Os artigos 52, 53 e 54 da LGPD, referentes \u00e0s san\u00e7\u00f5es administrativas, t\u00eam sua entrada em vigor em 1\u00ba de agosto de 2021. <\/span><\/p><p id=\"viewer-9u9ha\" class=\"mm8Nw _1j-51 _1atvN _1FoOD _78FBa _3_La3 _1atvN public-DraftStyleDefault-block-depth0 fixed-tab-size public-DraftStyleDefault-text-ltr\"><span class=\"_2PHJq public-DraftStyleDefault-ltr\"><strong>2) Quais san\u00e7\u00f5es podem ser aplicadas pela ANPD?<\/strong><\/span><\/p><p id=\"viewer-eh274\" class=\"mm8Nw _1j-51 _1atvN _1FoOD _78FBa _3_La3 _1atvN public-DraftStyleDefault-block-depth0 fixed-tab-size public-DraftStyleDefault-text-ltr\"><span class=\"_2PHJq public-DraftStyleDefault-ltr\">A LGPD previu um rol variado de san\u00e7\u00f5es administrativas, de natureza admoestativa, pecuni\u00e1ria e restritiva de atividades. Conforme o art. 52 da LGPD, a ANPD pode aplicar as seguintes san\u00e7\u00f5es administrativas:<\/span><\/p><ul><li id=\"viewer-cee7d\" class=\"_1atvN _2TTR5 _3Kjjs _78FBa public-DraftStyleDefault-unorderedListItem public-DraftStyleDefault-depth0 public-DraftStyleDefault-list-ltr fixed-tab-size public-DraftStyleDefault-reset _1FoOD _78FBa _3_La3 _1atvN\"><p class=\"_1j-51 _1FoOD _78FBa _3_La3 _1atvN undefined\">Advert\u00eancia, com indica\u00e7\u00e3o de prazo para ado\u00e7\u00e3o de medidas corretivas;<\/p><\/li><li id=\"viewer-fhko1\" class=\"_1atvN _2TTR5 _3Kjjs _78FBa public-DraftStyleDefault-unorderedListItem public-DraftStyleDefault-depth0 public-DraftStyleDefault-list-ltr fixed-tab-size _1FoOD _78FBa _3_La3 _1atvN\"><p class=\"_1j-51 _1FoOD _78FBa _3_La3 _1atvN undefined\">Multa simples, de at\u00e9 2% (dois por cento) do faturamento da pessoa jur\u00eddica de direito privado, grupo ou conglomerado no Brasil no seu \u00faltimo exerc\u00edcio, exclu\u00eddos os tributos, limitada, no total, a R$ 50 milh\u00f5es por infra\u00e7\u00e3o;<\/p><\/li><li id=\"viewer-850er\" class=\"_1atvN _2TTR5 _3Kjjs _78FBa public-DraftStyleDefault-unorderedListItem public-DraftStyleDefault-depth0 public-DraftStyleDefault-list-ltr fixed-tab-size _1FoOD _78FBa _3_La3 _1atvN\"><p class=\"_1j-51 _1FoOD _78FBa _3_La3 _1atvN undefined\">Multa di\u00e1ria, observado o limite total a que se refere o inciso ii;<\/p><\/li><li id=\"viewer-agrdt\" class=\"_1atvN _2TTR5 _3Kjjs _78FBa public-DraftStyleDefault-unorderedListItem public-DraftStyleDefault-depth0 public-DraftStyleDefault-list-ltr fixed-tab-size _1FoOD _78FBa _3_La3 _1atvN\"><p class=\"_1j-51 _1FoOD _78FBa _3_La3 _1atvN undefined\">Publiciza\u00e7\u00e3o da infra\u00e7\u00e3o ap\u00f3s devidamente apurada e confirmada a sua ocorr\u00eancia;<\/p><\/li><li id=\"viewer-298cm\" class=\"_1atvN _2TTR5 _3Kjjs _78FBa public-DraftStyleDefault-unorderedListItem public-DraftStyleDefault-depth0 public-DraftStyleDefault-list-ltr fixed-tab-size _1FoOD _78FBa _3_La3 _1atvN\"><p class=\"_1j-51 _1FoOD _78FBa _3_La3 _1atvN undefined\">Bloqueio dos dados pessoais a que se refere a infra\u00e7\u00e3o at\u00e9 a sua regulariza\u00e7\u00e3o;<\/p><\/li><li id=\"viewer-3k7ul\" class=\"_1atvN _2TTR5 _3Kjjs _78FBa public-DraftStyleDefault-unorderedListItem public-DraftStyleDefault-depth0 public-DraftStyleDefault-list-ltr fixed-tab-size _1FoOD _78FBa _3_La3 _1atvN\"><p class=\"_1j-51 _1FoOD _78FBa _3_La3 _1atvN undefined\">Elimina\u00e7\u00e3o dos dados pessoais a que se refere a infra\u00e7\u00e3o;<\/p><\/li><li id=\"viewer-dj9n3\" class=\"_1atvN _2TTR5 _3Kjjs _78FBa public-DraftStyleDefault-unorderedListItem public-DraftStyleDefault-depth0 public-DraftStyleDefault-list-ltr fixed-tab-size _1FoOD _78FBa _3_La3 _1atvN\"><p class=\"_1j-51 _1FoOD _78FBa _3_La3 _1atvN undefined\">Suspens\u00e3o parcial do funcionamento do banco de dados a que se refere a infra\u00e7\u00e3o pelo per\u00edodo m\u00e1ximo de 6 (seis) meses, prorrog\u00e1vel por igual per\u00edodo, at\u00e9 a regulariza\u00e7\u00e3o da atividade de tratamento pelo controlador;<\/p><\/li><li id=\"viewer-fs3ie\" class=\"_1atvN _2TTR5 _3Kjjs _78FBa public-DraftStyleDefault-unorderedListItem public-DraftStyleDefault-depth0 public-DraftStyleDefault-list-ltr fixed-tab-size _1FoOD _78FBa _3_La3 _1atvN\"><p class=\"_1j-51 _1FoOD _78FBa _3_La3 _1atvN undefined\">Suspens\u00e3o do exerc\u00edcio da atividade de tratamento dos dados pessoais a que se refere a infra\u00e7\u00e3o pelo per\u00edodo m\u00e1ximo de 6 (seis) meses, prorrog\u00e1vel por igual per\u00edodo;<\/p><\/li><li id=\"viewer-7ark6\" class=\"_1atvN _2TTR5 _3Kjjs _78FBa public-DraftStyleDefault-unorderedListItem public-DraftStyleDefault-depth0 public-DraftStyleDefault-list-ltr fixed-tab-size _1FoOD _78FBa _3_La3 _1atvN\"><p class=\"_1j-51 _1FoOD _78FBa _3_La3 _1atvN undefined\">Proibi\u00e7\u00e3o parcial ou total do exerc\u00edcio de atividades relacionadas a tratamento de dados.<\/p><\/li><\/ul><p id=\"viewer-d8kfs\" class=\"mm8Nw _1j-51 _1atvN _1FoOD _78FBa _3_La3 _1atvN public-DraftStyleDefault-block-depth0 fixed-tab-size public-DraftStyleDefault-text-ltr\"><span class=\"_2PHJq public-DraftStyleDefault-ltr\"><strong>3) Outros \u00f3rg\u00e3os p\u00fablicos podem aplicar essas san\u00e7\u00f5es?<\/strong><\/span><\/p><p id=\"viewer-1gtj0\" class=\"mm8Nw _1j-51 _1atvN _1FoOD _78FBa _3_La3 _1atvN public-DraftStyleDefault-block-depth0 fixed-tab-size public-DraftStyleDefault-text-ltr\"><span class=\"_2PHJq public-DraftStyleDefault-ltr\">Conforme disp\u00f5e o caput do artigo 52 da LGPD, as san\u00e7\u00f5es administrativas previstas pela LGPD s\u00e3o pass\u00edveis de aplica\u00e7\u00e3o somente pela ANPD. Al\u00e9m disso, a Lei estabelece que as compet\u00eancias da ANPD prevalecer\u00e3o, no que se refere \u00e0 prote\u00e7\u00e3o de dados pessoais, sobre as compet\u00eancias correlatas de outras entidades ou \u00f3rg\u00e3os da administra\u00e7\u00e3o p\u00fablica.<\/span><\/p><p id=\"viewer-116ks\" class=\"mm8Nw _1j-51 _1atvN _1FoOD _78FBa _3_La3 _1atvN public-DraftStyleDefault-block-depth0 fixed-tab-size public-DraftStyleDefault-text-ltr\"><span class=\"_2PHJq public-DraftStyleDefault-ltr\">Vale lembrar, entretanto, que, nos termos da Lei, a aplica\u00e7\u00e3o das san\u00e7\u00f5es previstas na LGPD n\u00e3o substitui a aplica\u00e7\u00e3o de san\u00e7\u00f5es administrativas, civis ou penais definidas na Lei n\u00ba 8.078, de 11 de setembro de 1990 (C\u00f3digo de Defesa do Consumidor) e em legisla\u00e7\u00e3o espec\u00edfica. Assim, eventual atua\u00e7\u00e3o de outros \u00f3rg\u00e3os p\u00fablicos, como ag\u00eancias reguladoras ou \u00f3rg\u00e3os de defesa do consumidor, deve se dar segundo as suas pr\u00f3prias compet\u00eancias, ao abrigo de suas legisla\u00e7\u00f5es espec\u00edficas.<\/span><\/p><p id=\"viewer-5u5gh\" class=\"mm8Nw _1j-51 _1atvN _1FoOD _78FBa _3_La3 _1atvN public-DraftStyleDefault-block-depth0 fixed-tab-size public-DraftStyleDefault-text-ltr\"><span class=\"_2PHJq public-DraftStyleDefault-ltr\"><strong>4) Como a Autoridade vem se estruturando para aplicar san\u00e7\u00f5es?<\/strong><\/span><\/p><p id=\"viewer-2ndf1\" class=\"mm8Nw _1j-51 _1atvN _1FoOD _78FBa _3_La3 _1atvN public-DraftStyleDefault-block-depth0 fixed-tab-size public-DraftStyleDefault-text-ltr\"><span class=\"_2PHJq public-DraftStyleDefault-ltr\">A LGPD determina que a ANPD dever\u00e1 editar regulamento pr\u00f3prio sobre san\u00e7\u00f5es administrativas, que dever\u00e1 ser objeto de consulta p\u00fablica, contendo as metodologias que orientar\u00e3o o c\u00e1lculo do valor-base das san\u00e7\u00f5es de multa. As metodologias para as san\u00e7\u00f5es pecuni\u00e1rias devem ser previamente publicadas e devem apresentar objetivamente as formas e dosimetrias para o c\u00e1lculo do valor-base das san\u00e7\u00f5es de multa, que dever\u00e3o conter fundamenta\u00e7\u00e3o detalhada de todos os seus elementos, demonstrando a observ\u00e2ncia dos crit\u00e9rios previstos na LGPD.<\/span><\/p><p id=\"viewer-4kdc1\" class=\"mm8Nw _1j-51 _1atvN _1FoOD _78FBa _3_La3 _1atvN public-DraftStyleDefault-block-depth0 fixed-tab-size public-DraftStyleDefault-text-ltr\"><span class=\"_2PHJq public-DraftStyleDefault-ltr\">Nos termos da Lei, a aplica\u00e7\u00e3o de san\u00e7\u00f5es requer, ainda, criteriosa aprecia\u00e7\u00e3o e pondera\u00e7\u00e3o de diversas circunst\u00e2ncias, dentre as quais a gravidade e a natureza das infra\u00e7\u00f5es e dos direitos pessoais afetados, a condi\u00e7\u00e3o econ\u00f4mica do infrator, o grau do dano, a coopera\u00e7\u00e3o do infrator, a ado\u00e7\u00e3o de pol\u00edtica de boas pr\u00e1ticas e governan\u00e7a e a pronta ado\u00e7\u00e3o de medidas corretivas.<\/span><\/p><p id=\"viewer-5hju9\" class=\"mm8Nw _1j-51 _1atvN _1FoOD _78FBa _3_La3 _1atvN public-DraftStyleDefault-block-depth0 fixed-tab-size public-DraftStyleDefault-text-ltr\"><span class=\"_2PHJq public-DraftStyleDefault-ltr\">Tendo em vista tais par\u00e2metros, e em conformidade com sua Agenda Regulat\u00f3ria, a ANPD encontra-se em fase de conclus\u00e3o da elabora\u00e7\u00e3o do Regulamento de Fiscaliza\u00e7\u00e3o e Aplica\u00e7\u00e3o de San\u00e7\u00f5es Administrativas, que passou por Consulta P\u00fablica entre 28 de maio e 28 de junho de 2021.<\/span><\/p><p id=\"viewer-de0r0\" class=\"mm8Nw _1j-51 _1atvN _1FoOD _78FBa _3_La3 _1atvN public-DraftStyleDefault-block-depth0 fixed-tab-size public-DraftStyleDefault-text-ltr\"><span class=\"_2PHJq public-DraftStyleDefault-ltr\">A minuta de resolu\u00e7\u00e3o, ainda sujeita a ajustes em raz\u00e3o das contribui\u00e7\u00f5es recebidas, pode ser consultada <a class=\"_3Bkfb _1lsz7\" href=\"https:\/\/www.gov.br\/anpd\/pt-br\/assuntos\/noticias\/anpd-abre-consulta-publica-sobre-norma-de-fiscalizacao\/2021.05.29___Minuta_de_Resolucao_de_fiscalizacao_para_consultapblica.pdf\" target=\"_blank\" rel=\"noopener noreferrer\" data-hook=\"linkViewer\">aqui<\/a>.<\/span><\/p><p id=\"viewer-od5r\" class=\"mm8Nw _1j-51 _1atvN _1FoOD _78FBa _3_La3 _1atvN public-DraftStyleDefault-block-depth0 fixed-tab-size public-DraftStyleDefault-text-ltr\"><span class=\"_2PHJq public-DraftStyleDefault-ltr\">Al\u00e9m do Regulamento de Fiscaliza\u00e7\u00e3o e Aplica\u00e7\u00e3o de San\u00e7\u00f5es Administrativas, a ANPD ainda submeter\u00e1 \u00e0 consulta p\u00fablica norma espec\u00edfica para tratar das san\u00e7\u00f5es e dosimetria.<\/span><\/p><p id=\"viewer-2rpu8\" class=\"mm8Nw _1j-51 _1atvN _1FoOD _78FBa _3_La3 _1atvN public-DraftStyleDefault-block-depth0 fixed-tab-size public-DraftStyleDefault-text-ltr\"><span class=\"_2PHJq public-DraftStyleDefault-ltr\"><strong>5) H\u00e1 um cronograma para a aprova\u00e7\u00e3o do regulamento e a efetiva aplica\u00e7\u00e3o de penalidades?<\/strong><\/span><\/p><p id=\"viewer-8eq4p\" class=\"mm8Nw _1j-51 _1atvN _1FoOD _78FBa _3_La3 _1atvN public-DraftStyleDefault-block-depth0 fixed-tab-size public-DraftStyleDefault-text-ltr\"><span class=\"_2PHJq public-DraftStyleDefault-ltr\">A minuta de Regulamento de Fiscaliza\u00e7\u00e3o e Aplica\u00e7\u00e3o de San\u00e7\u00f5es Administrativas encontra-se em fase final de an\u00e1lise e deve, nas pr\u00f3ximas semanas, ser remetida ao Conselho Diretor da ANPD para delibera\u00e7\u00e3o. Em paralelo, encontram-se tamb\u00e9m em estudo as metodologias que orientar\u00e3o o c\u00e1lculo do valor-base das san\u00e7\u00f5es de multa.<\/span><\/p><p id=\"viewer-as8bg\" class=\"mm8Nw _1j-51 _1atvN _1FoOD _78FBa _3_La3 _1atvN public-DraftStyleDefault-block-depth0 fixed-tab-size public-DraftStyleDefault-text-ltr\"><span class=\"_2PHJq public-DraftStyleDefault-ltr\">A aplica\u00e7\u00e3o de penalidades, por sua vez, deve ser precedida de procedimento administrativo que possibilite a oportunidade de ampla defesa e de recursos administrativos, em conson\u00e2ncia com a Lei n\u00ba 9.784, de 29 de janeiro de 1999, a legisla\u00e7\u00e3o especial e os demais regulamentos pertinentes da ANPD.<\/span><\/p><p id=\"viewer-467it\" class=\"mm8Nw _1j-51 _1atvN _1FoOD _78FBa _3_La3 _1atvN public-DraftStyleDefault-block-depth0 fixed-tab-size public-DraftStyleDefault-text-ltr\"><span class=\"_2PHJq public-DraftStyleDefault-ltr\"><strong>6) Qual abordagem ter\u00e1 a ANPD quanto a eventuais infra\u00e7\u00f5es cometidas?<\/strong><\/span><\/p><p id=\"viewer-1leqa\" class=\"mm8Nw _1j-51 _1atvN _1FoOD _78FBa _3_La3 _1atvN public-DraftStyleDefault-block-depth0 fixed-tab-size public-DraftStyleDefault-text-ltr\"><span class=\"_2PHJq public-DraftStyleDefault-ltr\">Segundo a proposta de regulamento submetida \u00e0 Consulta P\u00fablica, ainda sujeita a altera\u00e7\u00f5es em raz\u00e3o das contribui\u00e7\u00f5es recebidas, prev\u00ea-se que a atua\u00e7\u00e3o da ANPD se d\u00ea conforme uma abordagem responsiva, ou seja, de maneira gradual, baseada no comportamento do regulado e alicer\u00e7ada em um plano de monitoramento do setor que permita a prioriza\u00e7\u00e3o de temas segundo seu risco, gravidade, atualidade e relev\u00e2ncia.<\/span><\/p><p id=\"viewer-91d3k\" class=\"mm8Nw _1j-51 _1atvN _1FoOD _78FBa _3_La3 _1atvN public-DraftStyleDefault-block-depth0 fixed-tab-size public-DraftStyleDefault-text-ltr\"><span class=\"_2PHJq public-DraftStyleDefault-ltr\">Assim, a proposta de regulamento prev\u00ea etapas de monitoramento, orienta\u00e7\u00e3o, preven\u00e7\u00e3o e repress\u00e3o de infra\u00e7\u00f5es, levando em considera\u00e7\u00e3o as informa\u00e7\u00f5es recebidas a partir de reclama\u00e7\u00f5es, den\u00fancias, representa\u00e7\u00f5es e notifica\u00e7\u00f5es de incidentes para estabelecer prioridades a serem inclu\u00eddas na agenda de fiscaliza\u00e7\u00e3o.<\/span><\/p><p id=\"viewer-brs90\" class=\"mm8Nw _1j-51 _1atvN _1FoOD _78FBa _3_La3 _1atvN public-DraftStyleDefault-block-depth0 fixed-tab-size public-DraftStyleDefault-text-ltr\"><span class=\"_2PHJq public-DraftStyleDefault-ltr\"><strong>7) A ANPD pretende se articular com outros \u00f3rg\u00e3os p\u00fablicos para fins de fiscaliza\u00e7\u00e3o?<\/strong><\/span><\/p><p id=\"viewer-8t978\" class=\"mm8Nw _1j-51 _1atvN _1FoOD _78FBa _3_La3 _1atvN public-DraftStyleDefault-block-depth0 fixed-tab-size public-DraftStyleDefault-text-ltr\"><span class=\"_2PHJq public-DraftStyleDefault-ltr\">A LGPD prev\u00ea que a ANPD articular\u00e1 sua atua\u00e7\u00e3o com outros \u00f3rg\u00e3os e entidades com compet\u00eancias sancionat\u00f3rias e normativas afetas ao tema de prote\u00e7\u00e3o de dados pessoais e ser\u00e1 o \u00f3rg\u00e3o central de interpreta\u00e7\u00e3o da Lei e do estabelecimento de normas e diretrizes para a sua implementa\u00e7\u00e3o. <\/span><\/p><p id=\"viewer-1k42e\" class=\"mm8Nw _1j-51 _1atvN _1FoOD _78FBa _3_La3 _1atvN public-DraftStyleDefault-block-depth0 fixed-tab-size public-DraftStyleDefault-text-ltr\"><span class=\"_2PHJq public-DraftStyleDefault-ltr\">Assim, a ANPD j\u00e1 possui acordos de coopera\u00e7\u00e3o t\u00e9cnica firmados com a Secretaria Nacional do Consumidor &#8211; SENACON e com o Conselho Administrativo de Defesa Econ\u00f4mica &#8211; CADE que permitem o desenvolvimento de atividades conjuntas em temas que gerem repercuss\u00f5es nas \u00e1reas de atua\u00e7\u00e3o dos \u00f3rg\u00e3os envolvidos. J\u00e1 h\u00e1, inclusive, casos concretos sob an\u00e1lise da Autoridade que envolvem a atua\u00e7\u00e3o cooperativa com esses \u00f3rg\u00e3os e com o Minist\u00e9rio P\u00fablico.<\/span><\/p><p id=\"viewer-bqgfg\" class=\"mm8Nw _1j-51 _1atvN _1FoOD _78FBa _3_La3 _1atvN public-DraftStyleDefault-block-depth0 fixed-tab-size public-DraftStyleDefault-text-ltr\"><span class=\"_2PHJq public-DraftStyleDefault-ltr\">A ANPD espera continuar ampliando as rela\u00e7\u00f5es de parceria com outros \u00f3rg\u00e3os p\u00fablicos, com vistas a imprimir maior efetividade \u00e0 sua atua\u00e7\u00e3o, em defesa dos direitos dos titulares de dados.<\/span><\/p><p id=\"viewer-6tm8o\" class=\"mm8Nw _1j-51 _1atvN _1FoOD _78FBa _3_La3 _1atvN public-DraftStyleDefault-block-depth0 fixed-tab-size public-DraftStyleDefault-text-ltr\"><span class=\"_2PHJq public-DraftStyleDefault-ltr\"><strong>8) Como ser\u00e3o penalizados os \u00f3rg\u00e3os p\u00fablicos?<\/strong><\/span><\/p><p id=\"viewer-7mue7\" class=\"mm8Nw _1j-51 _1atvN _1FoOD _78FBa _3_La3 _1atvN public-DraftStyleDefault-block-depth0 fixed-tab-size public-DraftStyleDefault-text-ltr\"><span class=\"_2PHJq public-DraftStyleDefault-ltr\">Os \u00f3rg\u00e3os e as entidades p\u00fablicas poder\u00e3o ser punidos com todas as san\u00e7\u00f5es administrativas previstas na LGPD, salvo as san\u00e7\u00f5es pecuni\u00e1rias. Ademais, a LGPD prev\u00ea a possibilidade de responsabiliza\u00e7\u00e3o de agentes p\u00fablicos, nos termos previstos na Lei n\u00ba 8.112, de 11 de dezembro de 1990 (Estatuto do Servidor P\u00fablico), na Lei n\u00ba 8.429, de 2 de junho de 1992 (Lei da Improbidade Administrativa) e na Lei n\u00ba 12.527, de 18 de novembro de 2011 (Lei de Acesso \u00e0 Informa\u00e7\u00e3o).<\/span><\/p><p id=\"viewer-2ab47\" class=\"mm8Nw _1j-51 _1atvN _1FoOD _78FBa _3_La3 _1atvN public-DraftStyleDefault-block-depth0 fixed-tab-size public-DraftStyleDefault-text-ltr\"><span class=\"_2PHJq public-DraftStyleDefault-ltr\"><strong>9) A ANPD pode aplicar san\u00e7\u00f5es relativas a fatos ocorridos antes de 1\u00ba de agosto de 2021? <\/strong><\/span><\/p><p id=\"viewer-636ft\" class=\"mm8Nw _1j-51 _1atvN _1FoOD _78FBa _3_La3 _1atvN public-DraftStyleDefault-block-depth0 fixed-tab-size public-DraftStyleDefault-text-ltr\"><span class=\"_2PHJq public-DraftStyleDefault-ltr\">As san\u00e7\u00f5es previstas na LGPD s\u00e3o aplic\u00e1veis a fatos ocorridos ap\u00f3s 1\u00ba de agosto de 2021 ou para delitos de natureza continuada iniciados antes de tal data.<\/span><\/p><p id=\"viewer-f5cdg\" class=\"mm8Nw _1j-51 _1atvN _1FoOD _78FBa _3_La3 _1atvN public-DraftStyleDefault-block-depth0 fixed-tab-size public-DraftStyleDefault-text-ltr\"><span class=\"_2PHJq public-DraftStyleDefault-ltr\"><strong>10) A ANPD pode aplicar san\u00e7\u00f5es relativas a fatos ocorridos ap\u00f3s 1\u00ba de agosto de 2021, mas antes da entrada em vigor do Regulamento de Fiscaliza\u00e7\u00e3o e Aplica\u00e7\u00e3o de San\u00e7\u00f5es Administrativas?<\/strong><\/span><\/p><p id=\"viewer-eqb0i\" class=\"mm8Nw _1j-51 _1atvN _1FoOD _78FBa _3_La3 _1atvN public-DraftStyleDefault-block-depth0 fixed-tab-size public-DraftStyleDefault-text-ltr\"><span class=\"_2PHJq public-DraftStyleDefault-ltr\">De modo a conferir seguran\u00e7a jur\u00eddica aos administrados, a ANPD iniciar\u00e1 sua atua\u00e7\u00e3o sancionadora ap\u00f3s a aprova\u00e7\u00e3o do Regulamento de Fiscaliza\u00e7\u00e3o e de Aplica\u00e7\u00e3o de San\u00e7\u00f5es Administrativas, que estabelece as etapas do processo administrativo sancionador e os direitos dos administrados. A atua\u00e7\u00e3o da Autoridade pode se dar com rela\u00e7\u00e3o a fatos ocorridos ap\u00f3s 1\u00ba de agosto de 2021 ou para delitos de natureza continuada iniciados antes de tal data.<\/span><\/p><p id=\"viewer-cvfsr\" class=\"mm8Nw _1j-51 _1atvN _1FoOD _78FBa _3_La3 _1atvN public-DraftStyleDefault-block-depth0 fixed-tab-size public-DraftStyleDefault-text-ltr\"><span class=\"_2PHJq public-DraftStyleDefault-ltr\"><strong>11) Haver\u00e1 algum canal para comunicar \u00e0 ANPD eventuais infra\u00e7\u00f5es relacionadas com a LGPD?<\/strong><\/span><\/p><p id=\"viewer-3rnve\" class=\"mm8Nw _1j-51 _1atvN _1FoOD _78FBa _3_La3 _1atvN public-DraftStyleDefault-block-depth0 fixed-tab-size public-DraftStyleDefault-text-ltr\"><span class=\"_2PHJq public-DraftStyleDefault-ltr\">J\u00e1 existe um canal apropriado para comunica\u00e7\u00e3o de infra\u00e7\u00f5es relacionadas ao descumprimento da LGPD. As instru\u00e7\u00f5es completas podem ser consultadas <a class=\"_3Bkfb _1lsz7\" href=\"https:\/\/www.gov.br\/anpd\/pt-br\/canais_atendimento\/cidadao-titular-de-dados\/reclamacao-do-titular-contra-controlador-de-dados\" target=\"_blank\" rel=\"noopener noreferrer\" data-hook=\"linkViewer\">aqui<\/a>. <\/span><\/p><p id=\"viewer-1bvtq\" class=\"mm8Nw _1j-51 _1atvN _1FoOD _78FBa _3_La3 _1atvN public-DraftStyleDefault-block-depth0 fixed-tab-size public-DraftStyleDefault-text-ltr\"><span class=\"_2PHJq public-DraftStyleDefault-ltr\"><strong>12) Em quais situa\u00e7\u00f5es a ANPD pode aplicar essas san\u00e7\u00f5es? Somente se houver vazamento de dados pessoais ou h\u00e1 outras possibilidades?<\/strong><\/span><\/p><p id=\"viewer-dllf1\" class=\"mm8Nw _1j-51 _1atvN _1FoOD _78FBa _3_La3 _1atvN public-DraftStyleDefault-block-depth0 fixed-tab-size public-DraftStyleDefault-text-ltr\"><span class=\"_2PHJq public-DraftStyleDefault-ltr\">O descumprimento das obriga\u00e7\u00f5es previstas na LGPD \u00e9 pass\u00edvel de san\u00e7\u00e3o pela ANPD. Existem obriga\u00e7\u00f5es para al\u00e9m daquelas relacionadas ao vazamento de dados pessoais.<\/span><\/p><p id=\"viewer-461vq\" class=\"mm8Nw _1j-51 _1atvN _1FoOD _78FBa _3_La3 _1atvN public-DraftStyleDefault-block-depth0 fixed-tab-size public-DraftStyleDefault-text-ltr\"><span class=\"_2PHJq public-DraftStyleDefault-ltr\"><strong>13) Como ser\u00e3o calculadas as multas?<\/strong><\/span><\/p><p id=\"viewer-aosgg\" class=\"mm8Nw _1j-51 _1atvN _1FoOD _78FBa _3_La3 _1atvN public-DraftStyleDefault-block-depth0 fixed-tab-size public-DraftStyleDefault-text-ltr\"><span class=\"_2PHJq public-DraftStyleDefault-ltr\">O c\u00e1lculo das multas considerar\u00e1 os par\u00e2metros estabelecidos pela LGPD (art. 52). A metodologia para o c\u00e1lculo ainda ser\u00e1 submetida \u00e0 consulta p\u00fablica.<\/span><\/p><p id=\"viewer-b90r\" class=\"mm8Nw _1j-51 _1atvN _1FoOD _78FBa _3_La3 _1atvN public-DraftStyleDefault-block-depth0 fixed-tab-size public-DraftStyleDefault-text-ltr\"><span class=\"_2PHJq public-DraftStyleDefault-ltr\"><strong>14) A ANPD j\u00e1 tem equipe formada para monitorar o cumprimento da LGPD, receber den\u00fancias e aplicar as san\u00e7\u00f5es?<\/strong><\/span><\/p><p id=\"viewer-8i6pj\" class=\"mm8Nw _1j-51 _1atvN _1FoOD _78FBa _3_La3 _1atvN public-DraftStyleDefault-block-depth0 fixed-tab-size public-DraftStyleDefault-text-ltr\"><span class=\"_2PHJq public-DraftStyleDefault-ltr\">De acordo com o Regimento Interno da ANPD, aprovado pela Portaria n\u00ba 1, de 8 de mar\u00e7o de 2021, a Coordena\u00e7\u00e3o-Geral de Fiscaliza\u00e7\u00e3o \u00e9 a unidade respons\u00e1vel por essa atividade. Os cargos previstos para realiza\u00e7\u00e3o dessa atividade pelo Decreto n\u00ba 10.474, de 26 de agosto de 2020, encontram-se devidamente preenchidos. <\/span><\/p><p id=\"viewer-6fmp8\" class=\"mm8Nw _1j-51 _1atvN _1FoOD _78FBa _3_La3 _1atvN public-DraftStyleDefault-block-depth0 fixed-tab-size public-DraftStyleDefault-text-ltr\"><span class=\"_2PHJq public-DraftStyleDefault-ltr\"><strong>15) Os processos administrativos da ANPD podem ser consultados publicamente? Onde?<\/strong><\/span><\/p><p id=\"viewer-4m3g5\" class=\"mm8Nw _1j-51 _1atvN _1FoOD _78FBa _3_La3 _1atvN public-DraftStyleDefault-block-depth0 fixed-tab-size public-DraftStyleDefault-text-ltr\"><span class=\"_2PHJq public-DraftStyleDefault-ltr\">O acesso aos processos administrativos em andamento na ANPD segue as regras da Lei de Acesso \u00e0 Informa\u00e7\u00e3o e os pedidos de acesso podem ser apresentados por meio da plataforma <a class=\"_3Bkfb _1lsz7\" href=\"https:\/\/falabr.cgu.gov.br\/publico\/Manifestacao\/SelecionarTipoManifestacao.aspx?ReturnUrl=%2f\" target=\"_blank\" rel=\"noopener noreferrer\" data-hook=\"linkViewer\"><strong><u class=\"_3zM-5\">Fala.BR<\/u><\/strong><\/a>.<\/span><\/p><div id=\"viewer-dhhq5\" class=\"mm8Nw _1j-51 _1atvN _1FoOD _78FBa _3_La3 _1atvN public-DraftStyleDefault-block-depth0 fixed-tab-size public-DraftStyleDefault-text-ltr\"><strong><em>Fonte:<\/em><\/strong><em> Governo Federal \u2013 Governo do Brasil (clique <\/em><a class=\"_3Bkfb _1lsz7\" href=\"https:\/\/www.gov.br\/anpd\/pt-br\/assuntos\/noticias\/sancoes-administrativas-o-que-muda-apos-1o-de-agosto-de-2021?utm_medium=social&amp;utm_source=linkedin&amp;utm_campaign=postfity&amp;utm_content=postfity463de\" target=\"_blank\" rel=\"noopener noreferrer\" data-hook=\"linkViewer\"><strong><em>neste link<\/em><\/strong><\/a><em> para visitar a p\u00e1gina da nota original)<\/em><\/div>\t\t\t\t\t\t\t\t<\/div>\n\t\t\t\t<\/div>\n\t\t\t\t<div class=\"elementor-element elementor-element-ab01d2c elementor-widget elementor-widget-shortcode\" data-id=\"ab01d2c\" data-element_type=\"widget\" data-widget_type=\"shortcode.default\">\n\t\t\t\t<div class=\"elementor-widget-container\">\n\t\t\t\t\t\t\t<div class=\"elementor-shortcode\">\t\t<section data-elementor-type=\"section\" data-elementor-id=\"2062\" class=\"elementor elementor-2062\" data-elementor-post-type=\"elementor_library\">\n\t\t\t\t\t<section class=\"elementor-section elementor-top-section elementor-element elementor-element-3b4875a elementor-section-boxed elementor-section-height-default elementor-section-height-default\" data-id=\"3b4875a\" data-element_type=\"section\" data-settings=\"{&quot;background_background&quot;:&quot;classic&quot;}\">\n\t\t\t\t\t\t<div class=\"elementor-container elementor-column-gap-wider\">\n\t\t\t\t\t<div class=\"elementor-column elementor-col-100 elementor-top-column elementor-element elementor-element-a2f6d12\" data-id=\"a2f6d12\" data-element_type=\"column\">\n\t\t\t<div class=\"elementor-widget-wrap elementor-element-populated\">\n\t\t\t\t\t\t<section class=\"elementor-section elementor-inner-section elementor-element elementor-element-3b54174 elementor-section-boxed elementor-section-height-default elementor-section-height-default\" data-id=\"3b54174\" data-element_type=\"section\">\n\t\t\t\t\t\t<div class=\"elementor-container elementor-column-gap-default\">\n\t\t\t\t\t<div class=\"elementor-column elementor-col-100 elementor-inner-column elementor-element elementor-element-7611c5d\" data-id=\"7611c5d\" data-element_type=\"column\">\n\t\t\t<div class=\"elementor-widget-wrap elementor-element-populated\">\n\t\t\t\t\t\t<div class=\"elementor-element elementor-element-9442f5b elementor-widget elementor-widget-heading\" data-id=\"9442f5b\" data-element_type=\"widget\" data-widget_type=\"heading.default\">\n\t\t\t\t<div class=\"elementor-widget-container\">\n\t\t\t\t\t<h1 class=\"elementor-heading-title elementor-size-large\">Mais conte\u00fados<\/h1>\t\t\t\t<\/div>\n\t\t\t\t<\/div>\n\t\t\t\t\t<\/div>\n\t\t<\/div>\n\t\t\t\t\t<\/div>\n\t\t<\/section>\n\t\t\t\t<section class=\"elementor-section elementor-inner-section elementor-element elementor-element-4ca3095 elementor-section-boxed elementor-section-height-default elementor-section-height-default\" data-id=\"4ca3095\" data-element_type=\"section\">\n\t\t\t\t\t\t<div class=\"elementor-container elementor-column-gap-default\">\n\t\t\t\t\t<div class=\"elementor-column elementor-col-100 elementor-inner-column elementor-element elementor-element-5f07db0\" data-id=\"5f07db0\" data-element_type=\"column\">\n\t\t\t<div class=\"elementor-widget-wrap elementor-element-populated\">\n\t\t\t\t\t\t<div class=\"elementor-element elementor-element-476206a elementor-grid-4 elementor-grid-tablet-2 elementor-grid-mobile-1 elementor-posts--thumbnail-top elementor-posts--show-avatar elementor-card-shadow-yes elementor-posts__hover-gradient elementor-widget elementor-widget-posts\" data-id=\"476206a\" data-element_type=\"widget\" data-settings=\"{&quot;cards_columns&quot;:&quot;4&quot;,&quot;cards_columns_tablet&quot;:&quot;2&quot;,&quot;cards_columns_mobile&quot;:&quot;1&quot;,&quot;cards_row_gap&quot;:{&quot;unit&quot;:&quot;px&quot;,&quot;size&quot;:35,&quot;sizes&quot;:[]},&quot;cards_row_gap_tablet&quot;:{&quot;unit&quot;:&quot;px&quot;,&quot;size&quot;:&quot;&quot;,&quot;sizes&quot;:[]},&quot;cards_row_gap_mobile&quot;:{&quot;unit&quot;:&quot;px&quot;,&quot;size&quot;:&quot;&quot;,&quot;sizes&quot;:[]}}\" data-widget_type=\"posts.cards\">\n\t\t\t\t<div class=\"elementor-widget-container\">\n\t\t\t\t\t\t\t<div class=\"elementor-posts-container elementor-posts elementor-posts--skin-cards elementor-grid\">\n\t\t\t\t<article class=\"elementor-post elementor-grid-item post-7204 post type-post status-publish format-standard has-post-thumbnail hentry category-nucleo-trabalhista tag-nucleo-trabalhista\">\n\t\t\t<div class=\"elementor-post__card\">\n\t\t\t\t<a class=\"elementor-post__thumbnail__link\" href=\"https:\/\/fernandeschristofaro.com.br\/2024\/07\/19\/qual-o-regramento-juridico-brasileiro-para-a-reducao-de-jornada-de-trabalho-aos-pais-de-autistas\/\" tabindex=\"-1\" ><div class=\"elementor-post__thumbnail\"><img decoding=\"async\" width=\"300\" height=\"300\" src=\"https:\/\/fernandeschristofaro.com.br\/s.v05ak9q7\/2024\/07\/posts-fca-3-214303-300x300.png\" class=\"attachment-medium size-medium wp-image-7205\" alt=\"\" srcset=\"https:\/\/fernandeschristofaro.com.br\/s.v05ak9q7\/2024\/07\/posts-fca-3-214303-300x300.png 300w, https:\/\/fernandeschristofaro.com.br\/s.v05ak9q7\/2024\/07\/posts-fca-3-214303-1024x1024.png 1024w, https:\/\/fernandeschristofaro.com.br\/s.v05ak9q7\/2024\/07\/posts-fca-3-214303-150x150.png 150w, https:\/\/fernandeschristofaro.com.br\/s.v05ak9q7\/2024\/07\/posts-fca-3-214303-768x768.png 768w, https:\/\/fernandeschristofaro.com.br\/s.v05ak9q7\/2024\/07\/posts-fca-3-214303-624x624.png 624w, https:\/\/fernandeschristofaro.com.br\/s.v05ak9q7\/2024\/07\/posts-fca-3-214303-50x50.png 50w, https:\/\/fernandeschristofaro.com.br\/s.v05ak9q7\/2024\/07\/posts-fca-3-214303.png 1080w\" sizes=\"(max-width: 300px) 100vw, 300px\" \/><\/div><\/a>\n\t\t\t\t<div class=\"elementor-post__badge\">N\u00facleo Trabalhista<\/div>\n\t\t\t\t<div class=\"elementor-post__avatar\">\n\t\t\t<img alt='994326431798' src='https:\/\/fernandeschristofaro.com.br\/s.v05ak9q7\/avatars\/78\/66f9e38a4f30c-bpthumb.jpg' srcset='https:\/\/fernandeschristofaro.com.br\/s.v05ak9q7\/avatars\/78\/66f9e38a4f30c-bpthumb.jpg 2x' class='avatar avatar-128 photo' height='128' width='128' \/>\t\t<\/div>\n\t\t\t\t<div class=\"elementor-post__text\">\n\t\t\t\t<h3 class=\"elementor-post__title\">\n\t\t\t<a href=\"https:\/\/fernandeschristofaro.com.br\/2024\/07\/19\/qual-o-regramento-juridico-brasileiro-para-a-reducao-de-jornada-de-trabalho-aos-pais-de-autistas\/\" >\n\t\t\t\tQUAL O REGRAMENTO JUR\u00cdDICO BRASILEIRO PARA A REDU\u00c7\u00c3O DE JORNADA DE TRABALHO AOS PAIS DE AUTISTAS?\t\t\t<\/a>\n\t\t<\/h3>\n\t\t\t\t<div class=\"elementor-post__excerpt\">\n\t\t\t<p>A concilia\u00e7\u00e3o entre as responsabilidades profissionais e o cuidado dedicado aos filhos com Transtorno do Espectro Autista (TEA) \u00e9 um desafio enfrentado por muitos pais<\/p>\n\t\t<\/div>\n\t\t\n\t\t<a class=\"elementor-post__read-more\" href=\"https:\/\/fernandeschristofaro.com.br\/2024\/07\/19\/qual-o-regramento-juridico-brasileiro-para-a-reducao-de-jornada-de-trabalho-aos-pais-de-autistas\/\" aria-label=\"Leia mais sobre QUAL O REGRAMENTO JUR\u00cdDICO BRASILEIRO PARA A REDU\u00c7\u00c3O DE JORNADA DE TRABALHO AOS PAIS DE AUTISTAS?\" tabindex=\"-1\" >\n\t\t\tLeia mais \u00bb\t\t<\/a>\n\n\t\t\t\t<\/div>\n\t\t\t\t<div class=\"elementor-post__meta-data\">\n\t\t\t\t\t<span class=\"elementor-post-author\">\n\t\t\t994326431798\t\t<\/span>\n\t\t\t\t<span class=\"elementor-post-date\">\n\t\t\t19\/07\/2024\t\t<\/span>\n\t\t\t\t<\/div>\n\t\t\t\t\t<\/div>\n\t\t<\/article>\n\t\t\t\t<article class=\"elementor-post elementor-grid-item post-7194 post type-post status-publish format-standard has-post-thumbnail hentry category-nucleo-artistas-propriedade-intelectual tag-nucleo-artistas-e-propriedade-intelectual\">\n\t\t\t<div class=\"elementor-post__card\">\n\t\t\t\t<a class=\"elementor-post__thumbnail__link\" href=\"https:\/\/fernandeschristofaro.com.br\/2024\/06\/03\/inteligencia-artificial-no-banco-dos-reus\/\" tabindex=\"-1\" ><div class=\"elementor-post__thumbnail\"><img decoding=\"async\" width=\"300\" height=\"300\" src=\"https:\/\/fernandeschristofaro.com.br\/s.v05ak9q7\/2024\/06\/ia-183802-300x300.png\" class=\"attachment-medium size-medium wp-image-7195\" alt=\"\" srcset=\"https:\/\/fernandeschristofaro.com.br\/s.v05ak9q7\/2024\/06\/ia-183802-300x300.png 300w, https:\/\/fernandeschristofaro.com.br\/s.v05ak9q7\/2024\/06\/ia-183802-150x150.png 150w, https:\/\/fernandeschristofaro.com.br\/s.v05ak9q7\/2024\/06\/ia-183802-50x50.png 50w, https:\/\/fernandeschristofaro.com.br\/s.v05ak9q7\/2024\/06\/ia-183802.png 512w\" sizes=\"(max-width: 300px) 100vw, 300px\" \/><\/div><\/a>\n\t\t\t\t<div class=\"elementor-post__badge\">N\u00daCLEO ARTISTAS E PROPRIEDADE INTELECTUAL<\/div>\n\t\t\t\t<div class=\"elementor-post__avatar\">\n\t\t\t<img alt='Danilo Fernandes Christofaro' src='https:\/\/fernandeschristofaro.com.br\/s.v05ak9q7\/avatars\/77\/66f9e2f433547-bpthumb.jpg' srcset='https:\/\/fernandeschristofaro.com.br\/s.v05ak9q7\/avatars\/77\/66f9e2f433547-bpthumb.jpg 2x' class='avatar avatar-128 photo' height='128' width='128' \/>\t\t<\/div>\n\t\t\t\t<div class=\"elementor-post__text\">\n\t\t\t\t<h3 class=\"elementor-post__title\">\n\t\t\t<a href=\"https:\/\/fernandeschristofaro.com.br\/2024\/06\/03\/inteligencia-artificial-no-banco-dos-reus\/\" >\n\t\t\t\tINTELIG\u00caNCIA ARTIFICIAL NO BANCO DOS R\u00c9US\t\t\t<\/a>\n\t\t<\/h3>\n\t\t\t\t<div class=\"elementor-post__excerpt\">\n\t\t\t<p>Um dos temas mais sens\u00edveis quando falamos em intelig\u00eancia artificial \u00e9 a rela\u00e7\u00e3o dela com os direitos autorais alheios. N\u00e3o faltam queixas a respeito do<\/p>\n\t\t<\/div>\n\t\t\n\t\t<a class=\"elementor-post__read-more\" href=\"https:\/\/fernandeschristofaro.com.br\/2024\/06\/03\/inteligencia-artificial-no-banco-dos-reus\/\" aria-label=\"Leia mais sobre INTELIG\u00caNCIA ARTIFICIAL NO BANCO DOS R\u00c9US\" tabindex=\"-1\" >\n\t\t\tLeia mais \u00bb\t\t<\/a>\n\n\t\t\t\t<\/div>\n\t\t\t\t<div class=\"elementor-post__meta-data\">\n\t\t\t\t\t<span class=\"elementor-post-author\">\n\t\t\tDanilo Fernandes Christofaro\t\t<\/span>\n\t\t\t\t<span class=\"elementor-post-date\">\n\t\t\t03\/06\/2024\t\t<\/span>\n\t\t\t\t<\/div>\n\t\t\t\t\t<\/div>\n\t\t<\/article>\n\t\t\t\t<article class=\"elementor-post elementor-grid-item post-7186 post type-post status-publish format-standard has-post-thumbnail hentry category-nucleo-artistas-propriedade-intelectual tag-nucleo-artistas-e-propriedade-intelectual\">\n\t\t\t<div class=\"elementor-post__card\">\n\t\t\t\t<a class=\"elementor-post__thumbnail__link\" href=\"https:\/\/fernandeschristofaro.com.br\/2024\/05\/17\/quer-estudar-com-albert-einstein-freud-pontes-de-miranda-entre-outros-a-i-a-permite-so-nao-sabemos-se-e-o-mais-indicado\/\" tabindex=\"-1\" ><div class=\"elementor-post__thumbnail\"><img loading=\"lazy\" decoding=\"async\" width=\"300\" height=\"300\" src=\"https:\/\/fernandeschristofaro.com.br\/s.v05ak9q7\/2024\/05\/escola-futurista-233420-300x300.png\" class=\"attachment-medium size-medium wp-image-7187\" alt=\"\" srcset=\"https:\/\/fernandeschristofaro.com.br\/s.v05ak9q7\/2024\/05\/escola-futurista-233420-300x300.png 300w, https:\/\/fernandeschristofaro.com.br\/s.v05ak9q7\/2024\/05\/escola-futurista-233420-150x150.png 150w, https:\/\/fernandeschristofaro.com.br\/s.v05ak9q7\/2024\/05\/escola-futurista-233420-50x50.png 50w, https:\/\/fernandeschristofaro.com.br\/s.v05ak9q7\/2024\/05\/escola-futurista-233420.png 512w\" sizes=\"(max-width: 300px) 100vw, 300px\" \/><\/div><\/a>\n\t\t\t\t<div class=\"elementor-post__badge\">N\u00daCLEO ARTISTAS E PROPRIEDADE INTELECTUAL<\/div>\n\t\t\t\t<div class=\"elementor-post__avatar\">\n\t\t\t<img alt='Danilo Fernandes Christofaro' src='https:\/\/fernandeschristofaro.com.br\/s.v05ak9q7\/avatars\/77\/66f9e2f433547-bpthumb.jpg' srcset='https:\/\/fernandeschristofaro.com.br\/s.v05ak9q7\/avatars\/77\/66f9e2f433547-bpthumb.jpg 2x' class='avatar avatar-128 photo' height='128' width='128' \/>\t\t<\/div>\n\t\t\t\t<div class=\"elementor-post__text\">\n\t\t\t\t<h3 class=\"elementor-post__title\">\n\t\t\t<a href=\"https:\/\/fernandeschristofaro.com.br\/2024\/05\/17\/quer-estudar-com-albert-einstein-freud-pontes-de-miranda-entre-outros-a-i-a-permite-so-nao-sabemos-se-e-o-mais-indicado\/\" >\n\t\t\t\tQUER ESTUDAR COM ALBERT EINSTEIN, FREUD, PONTES DE MIRANDA ENTRE OUTROS? A I.A. PERMITE, S\u00d3 N\u00c3O SABEMOS SE \u00c9 O MAIS INDICADO\t\t\t<\/a>\n\t\t<\/h3>\n\t\t\t\t<div class=\"elementor-post__excerpt\">\n\t\t\t<p>J\u00e1 imaginou que incr\u00edvel ter uma aula com o Pontes de Miranda explicando todas as suas teorias? Ou ent\u00e3o, o pr\u00f3prio Einstein falando da Teoria<\/p>\n\t\t<\/div>\n\t\t\n\t\t<a class=\"elementor-post__read-more\" href=\"https:\/\/fernandeschristofaro.com.br\/2024\/05\/17\/quer-estudar-com-albert-einstein-freud-pontes-de-miranda-entre-outros-a-i-a-permite-so-nao-sabemos-se-e-o-mais-indicado\/\" aria-label=\"Leia mais sobre QUER ESTUDAR COM ALBERT EINSTEIN, FREUD, PONTES DE MIRANDA ENTRE OUTROS? A I.A. PERMITE, S\u00d3 N\u00c3O SABEMOS SE \u00c9 O MAIS INDICADO\" tabindex=\"-1\" >\n\t\t\tLeia mais \u00bb\t\t<\/a>\n\n\t\t\t\t<\/div>\n\t\t\t\t<div class=\"elementor-post__meta-data\">\n\t\t\t\t\t<span class=\"elementor-post-author\">\n\t\t\tDanilo Fernandes Christofaro\t\t<\/span>\n\t\t\t\t<span class=\"elementor-post-date\">\n\t\t\t17\/05\/2024\t\t<\/span>\n\t\t\t\t<\/div>\n\t\t\t\t\t<\/div>\n\t\t<\/article>\n\t\t\t\t<article class=\"elementor-post elementor-grid-item post-7176 post type-post status-publish format-standard has-post-thumbnail hentry category-nucleo-artistas-propriedade-intelectual tag-nucleo-artistas-e-propriedade-intelectual\">\n\t\t\t<div class=\"elementor-post__card\">\n\t\t\t\t<a class=\"elementor-post__thumbnail__link\" href=\"https:\/\/fernandeschristofaro.com.br\/2024\/04\/29\/a-inteligencia-artificial-tem-corpo-mas-nao-tem-alma\/\" tabindex=\"-1\" ><div class=\"elementor-post__thumbnail\"><img loading=\"lazy\" decoding=\"async\" width=\"300\" height=\"300\" src=\"https:\/\/fernandeschristofaro.com.br\/s.v05ak9q7\/2024\/04\/inteligencia-artificial-triste-175057-300x300.jpg\" class=\"attachment-medium size-medium wp-image-7177\" alt=\"\" srcset=\"https:\/\/fernandeschristofaro.com.br\/s.v05ak9q7\/2024\/04\/inteligencia-artificial-triste-175057-300x300.jpg 300w, https:\/\/fernandeschristofaro.com.br\/s.v05ak9q7\/2024\/04\/inteligencia-artificial-triste-175057-1024x1024.jpg 1024w, https:\/\/fernandeschristofaro.com.br\/s.v05ak9q7\/2024\/04\/inteligencia-artificial-triste-175057-150x150.jpg 150w, https:\/\/fernandeschristofaro.com.br\/s.v05ak9q7\/2024\/04\/inteligencia-artificial-triste-175057-768x768.jpg 768w, https:\/\/fernandeschristofaro.com.br\/s.v05ak9q7\/2024\/04\/inteligencia-artificial-triste-175057.jpg 1536w, https:\/\/fernandeschristofaro.com.br\/s.v05ak9q7\/2024\/04\/inteligencia-artificial-triste-175057-624x624.jpg 624w, https:\/\/fernandeschristofaro.com.br\/s.v05ak9q7\/2024\/04\/inteligencia-artificial-triste-175057-50x50.jpg 50w\" sizes=\"(max-width: 300px) 100vw, 300px\" \/><\/div><\/a>\n\t\t\t\t<div class=\"elementor-post__badge\">N\u00daCLEO ARTISTAS E PROPRIEDADE INTELECTUAL<\/div>\n\t\t\t\t<div class=\"elementor-post__avatar\">\n\t\t\t<img alt='Danilo Fernandes Christofaro' src='https:\/\/fernandeschristofaro.com.br\/s.v05ak9q7\/avatars\/77\/66f9e2f433547-bpthumb.jpg' srcset='https:\/\/fernandeschristofaro.com.br\/s.v05ak9q7\/avatars\/77\/66f9e2f433547-bpthumb.jpg 2x' class='avatar avatar-128 photo' height='128' width='128' \/>\t\t<\/div>\n\t\t\t\t<div class=\"elementor-post__text\">\n\t\t\t\t<h3 class=\"elementor-post__title\">\n\t\t\t<a href=\"https:\/\/fernandeschristofaro.com.br\/2024\/04\/29\/a-inteligencia-artificial-tem-corpo-mas-nao-tem-alma\/\" >\n\t\t\t\tA INTELIG\u00caNCIA ARTIFICIAL TEM CORPO, MAS N\u00c3O TEM ALMA\t\t\t<\/a>\n\t\t<\/h3>\n\t\t\t\t<div class=\"elementor-post__excerpt\">\n\t\t\t<p>S\u00f3 se fala nela. Aqui tamb\u00e9m \u00e9 assim. Mas hoje, ao ler um texto claramente elaborado por uma I.A., me surgiu um sentimento que resolvi<\/p>\n\t\t<\/div>\n\t\t\n\t\t<a class=\"elementor-post__read-more\" href=\"https:\/\/fernandeschristofaro.com.br\/2024\/04\/29\/a-inteligencia-artificial-tem-corpo-mas-nao-tem-alma\/\" aria-label=\"Leia mais sobre A INTELIG\u00caNCIA ARTIFICIAL TEM CORPO, MAS N\u00c3O TEM ALMA\" tabindex=\"-1\" >\n\t\t\tLeia mais \u00bb\t\t<\/a>\n\n\t\t\t\t<\/div>\n\t\t\t\t<div class=\"elementor-post__meta-data\">\n\t\t\t\t\t<span class=\"elementor-post-author\">\n\t\t\tDanilo Fernandes Christofaro\t\t<\/span>\n\t\t\t\t<span class=\"elementor-post-date\">\n\t\t\t29\/04\/2024\t\t<\/span>\n\t\t\t\t<\/div>\n\t\t\t\t\t<\/div>\n\t\t<\/article>\n\t\t\t\t<article class=\"elementor-post elementor-grid-item post-7167 post type-post status-publish format-standard has-post-thumbnail hentry category-nucleo-artistas-propriedade-intelectual tag-nucleo-artistas-e-propriedade-intelectual\">\n\t\t\t<div class=\"elementor-post__card\">\n\t\t\t\t<a class=\"elementor-post__thumbnail__link\" href=\"https:\/\/fernandeschristofaro.com.br\/2024\/04\/18\/a-inteligencia-artificial-e-o-vacuo-na-formacao-profissional-um-desafio-da-era-digital\/\" tabindex=\"-1\" ><div class=\"elementor-post__thumbnail\"><img loading=\"lazy\" decoding=\"async\" width=\"300\" height=\"122\" src=\"https:\/\/fernandeschristofaro.com.br\/s.v05ak9q7\/2024\/04\/banner-site-203921-300x122.png\" class=\"attachment-medium size-medium wp-image-7173\" alt=\"\" srcset=\"https:\/\/fernandeschristofaro.com.br\/s.v05ak9q7\/2024\/04\/banner-site-203921-300x122.png 300w, https:\/\/fernandeschristofaro.com.br\/s.v05ak9q7\/2024\/04\/banner-site-203921-1024x416.png 1024w, https:\/\/fernandeschristofaro.com.br\/s.v05ak9q7\/2024\/04\/banner-site-203921-768x312.png 768w, https:\/\/fernandeschristofaro.com.br\/s.v05ak9q7\/2024\/04\/banner-site-203921-1536x624.png 1536w, https:\/\/fernandeschristofaro.com.br\/s.v05ak9q7\/2024\/04\/banner-site-203921-400x163.png 400w, https:\/\/fernandeschristofaro.com.br\/s.v05ak9q7\/2024\/04\/banner-site-203921-624x254.png 624w, https:\/\/fernandeschristofaro.com.br\/s.v05ak9q7\/2024\/04\/banner-site-203921-50x20.png 50w, https:\/\/fernandeschristofaro.com.br\/s.v05ak9q7\/2024\/04\/banner-site-203921.png 1920w\" sizes=\"(max-width: 300px) 100vw, 300px\" \/><\/div><\/a>\n\t\t\t\t<div class=\"elementor-post__badge\">N\u00daCLEO ARTISTAS E PROPRIEDADE INTELECTUAL<\/div>\n\t\t\t\t<div class=\"elementor-post__avatar\">\n\t\t\t<img alt='Danilo Fernandes Christofaro' src='https:\/\/fernandeschristofaro.com.br\/s.v05ak9q7\/avatars\/77\/66f9e2f433547-bpthumb.jpg' srcset='https:\/\/fernandeschristofaro.com.br\/s.v05ak9q7\/avatars\/77\/66f9e2f433547-bpthumb.jpg 2x' class='avatar avatar-128 photo' height='128' width='128' \/>\t\t<\/div>\n\t\t\t\t<div class=\"elementor-post__text\">\n\t\t\t\t<h3 class=\"elementor-post__title\">\n\t\t\t<a href=\"https:\/\/fernandeschristofaro.com.br\/2024\/04\/18\/a-inteligencia-artificial-e-o-vacuo-na-formacao-profissional-um-desafio-da-era-digital\/\" >\n\t\t\t\tA INTELIG\u00caNCIA ARTIFICIAL E O V\u00c1CUO NA FORMA\u00c7\u00c3O PROFISSIONAL: UM DESAFIO DA ERA DIGITAL\t\t\t<\/a>\n\t\t<\/h3>\n\t\t\t\t<div class=\"elementor-post__excerpt\">\n\t\t\t<p>A intelig\u00eancia artificial (IA) se tornou um dos temas mais comentados da atualidade, e n\u00e3o \u00e9 \u00e0 toa. Sua capacidade de automatizar tarefas e otimizar<\/p>\n\t\t<\/div>\n\t\t\n\t\t<a class=\"elementor-post__read-more\" href=\"https:\/\/fernandeschristofaro.com.br\/2024\/04\/18\/a-inteligencia-artificial-e-o-vacuo-na-formacao-profissional-um-desafio-da-era-digital\/\" aria-label=\"Leia mais sobre A INTELIG\u00caNCIA ARTIFICIAL E O V\u00c1CUO NA FORMA\u00c7\u00c3O PROFISSIONAL: UM DESAFIO DA ERA DIGITAL\" tabindex=\"-1\" >\n\t\t\tLeia mais \u00bb\t\t<\/a>\n\n\t\t\t\t<\/div>\n\t\t\t\t<div class=\"elementor-post__meta-data\">\n\t\t\t\t\t<span class=\"elementor-post-author\">\n\t\t\tDanilo Fernandes Christofaro\t\t<\/span>\n\t\t\t\t<span class=\"elementor-post-date\">\n\t\t\t18\/04\/2024\t\t<\/span>\n\t\t\t\t<\/div>\n\t\t\t\t\t<\/div>\n\t\t<\/article>\n\t\t\t\t<article class=\"elementor-post elementor-grid-item post-7160 post type-post status-publish format-standard has-post-thumbnail hentry category-nucleo-licitacoes tag-nucleo-licitacoes\">\n\t\t\t<div class=\"elementor-post__card\">\n\t\t\t\t<a class=\"elementor-post__thumbnail__link\" href=\"https:\/\/fernandeschristofaro.com.br\/2024\/04\/15\/o-estudo-tecnico-preliminar-etp-pilar-da-legalidade-e-eficiencia-nos-processos-licitatorios\/\" tabindex=\"-1\" ><div class=\"elementor-post__thumbnail\"><img loading=\"lazy\" decoding=\"async\" width=\"300\" height=\"153\" src=\"https:\/\/fernandeschristofaro.com.br\/s.v05ak9q7\/2024\/04\/someones-hand-holding-wooden-law-gavel-222555-300x153.jpg\" class=\"attachment-medium size-medium wp-image-7165\" alt=\"\" srcset=\"https:\/\/fernandeschristofaro.com.br\/s.v05ak9q7\/2024\/04\/someones-hand-holding-wooden-law-gavel-222555-300x153.jpg 300w, https:\/\/fernandeschristofaro.com.br\/s.v05ak9q7\/2024\/04\/someones-hand-holding-wooden-law-gavel-222555-1024x523.jpg 1024w, https:\/\/fernandeschristofaro.com.br\/s.v05ak9q7\/2024\/04\/someones-hand-holding-wooden-law-gavel-222555-768x392.jpg 768w, https:\/\/fernandeschristofaro.com.br\/s.v05ak9q7\/2024\/04\/someones-hand-holding-wooden-law-gavel-222555-1536x785.jpg 1536w, https:\/\/fernandeschristofaro.com.br\/s.v05ak9q7\/2024\/04\/someones-hand-holding-wooden-law-gavel-222555-2048x1047.jpg 2048w, https:\/\/fernandeschristofaro.com.br\/s.v05ak9q7\/2024\/04\/someones-hand-holding-wooden-law-gavel-222555-400x204.jpg 400w, https:\/\/fernandeschristofaro.com.br\/s.v05ak9q7\/2024\/04\/someones-hand-holding-wooden-law-gavel-222555-624x319.jpg 624w, https:\/\/fernandeschristofaro.com.br\/s.v05ak9q7\/2024\/04\/someones-hand-holding-wooden-law-gavel-222555-50x26.jpg 50w\" sizes=\"(max-width: 300px) 100vw, 300px\" \/><\/div><\/a>\n\t\t\t\t<div class=\"elementor-post__badge\">N\u00facleo Licita\u00e7\u00f5es<\/div>\n\t\t\t\t<div class=\"elementor-post__avatar\">\n\t\t\t<img alt='994326431798' src='https:\/\/fernandeschristofaro.com.br\/s.v05ak9q7\/avatars\/78\/66f9e38a4f30c-bpthumb.jpg' srcset='https:\/\/fernandeschristofaro.com.br\/s.v05ak9q7\/avatars\/78\/66f9e38a4f30c-bpthumb.jpg 2x' class='avatar avatar-128 photo' height='128' width='128' \/>\t\t<\/div>\n\t\t\t\t<div class=\"elementor-post__text\">\n\t\t\t\t<h3 class=\"elementor-post__title\">\n\t\t\t<a href=\"https:\/\/fernandeschristofaro.com.br\/2024\/04\/15\/o-estudo-tecnico-preliminar-etp-pilar-da-legalidade-e-eficiencia-nos-processos-licitatorios\/\" >\n\t\t\t\tO Estudo T\u00e9cnico Preliminar (ETP): Pilar da Legalidade e Efici\u00eancia nos Processos Licitat\u00f3rios\t\t\t<\/a>\n\t\t<\/h3>\n\t\t\t\t<div class=\"elementor-post__excerpt\">\n\t\t\t<p>O Estudo T\u00e9cnico Preliminar (ETP) se consolidou como pe\u00e7a fundamental no tabuleiro das licita\u00e7\u00f5es p\u00fablicas, servindo como base s\u00f3lida para a legalidade e a efetividade<\/p>\n\t\t<\/div>\n\t\t\n\t\t<a class=\"elementor-post__read-more\" href=\"https:\/\/fernandeschristofaro.com.br\/2024\/04\/15\/o-estudo-tecnico-preliminar-etp-pilar-da-legalidade-e-eficiencia-nos-processos-licitatorios\/\" aria-label=\"Leia mais sobre O Estudo T\u00e9cnico Preliminar (ETP): Pilar da Legalidade e Efici\u00eancia nos Processos Licitat\u00f3rios\" tabindex=\"-1\" >\n\t\t\tLeia mais \u00bb\t\t<\/a>\n\n\t\t\t\t<\/div>\n\t\t\t\t<div class=\"elementor-post__meta-data\">\n\t\t\t\t\t<span class=\"elementor-post-author\">\n\t\t\t994326431798\t\t<\/span>\n\t\t\t\t<span class=\"elementor-post-date\">\n\t\t\t15\/04\/2024\t\t<\/span>\n\t\t\t\t<\/div>\n\t\t\t\t\t<\/div>\n\t\t<\/article>\n\t\t\t\t<\/div>\n\t\t\n\t\t\t\t\t\t<\/div>\n\t\t\t\t<\/div>\n\t\t\t\t\t<\/div>\n\t\t<\/div>\n\t\t\t\t\t<\/div>\n\t\t<\/section>\n\t\t\t\t\t<\/div>\n\t\t<\/div>\n\t\t\t\t\t<\/div>\n\t\t<\/section>\n\t\t\t\t<\/section>\n\t\t<\/div>\n\t\t\t\t\t\t<\/div>\n\t\t\t\t<\/div>\n\t\t\t\t\t<\/div>\n\t\t<\/div>\n\t\t\t\t\t<\/div>\n\t\t<\/section>\n\t\t\t\t<section class=\"elementor-section elementor-top-section elementor-element elementor-element-1b9f6562 elementor-section-full_width elementor-section-height-default elementor-section-height-default\" data-id=\"1b9f6562\" data-element_type=\"section\">\n\t\t\t\t\t\t<div class=\"elementor-container elementor-column-gap-no\">\n\t\t\t\t\t<div class=\"elementor-column elementor-col-100 elementor-top-column elementor-element elementor-element-33f37d92\" data-id=\"33f37d92\" data-element_type=\"column\">\n\t\t\t<div class=\"elementor-widget-wrap elementor-element-populated\">\n\t\t\t\t\t\t<div class=\"elementor-element elementor-element-5783ac01 elementor-widget elementor-widget-shortcode\" data-id=\"5783ac01\" data-element_type=\"widget\" data-widget_type=\"shortcode.default\">\n\t\t\t\t<div class=\"elementor-widget-container\">\n\t\t\t\t\t\t\t<div class=\"elementor-shortcode\">\t\t<div data-elementor-type=\"footer\" data-elementor-id=\"1064\" class=\"elementor elementor-1064\" data-elementor-post-type=\"elementor_library\">\n\t\t\t\t\t<section class=\"elementor-section elementor-top-section elementor-element elementor-element-c5ae1d7 elementor-section-boxed elementor-section-height-default elementor-section-height-default\" data-id=\"c5ae1d7\" data-element_type=\"section\" data-settings=\"{&quot;background_background&quot;:&quot;classic&quot;}\">\n\t\t\t\t\t\t<div class=\"elementor-container elementor-column-gap-wider\">\n\t\t\t\t\t<div class=\"elementor-column elementor-col-25 elementor-top-column elementor-element elementor-element-18e6b40\" data-id=\"18e6b40\" data-element_type=\"column\">\n\t\t\t<div class=\"elementor-widget-wrap elementor-element-populated\">\n\t\t\t\t\t\t<section class=\"elementor-section elementor-inner-section elementor-element elementor-element-029e73b elementor-section-boxed elementor-section-height-default elementor-section-height-default\" data-id=\"029e73b\" data-element_type=\"section\">\n\t\t\t\t\t\t<div class=\"elementor-container elementor-column-gap-default\">\n\t\t\t\t\t<div class=\"elementor-column elementor-col-100 elementor-inner-column elementor-element elementor-element-48c0aca\" data-id=\"48c0aca\" data-element_type=\"column\">\n\t\t\t<div class=\"elementor-widget-wrap elementor-element-populated\">\n\t\t\t\t\t\t<div class=\"elementor-element elementor-element-432ab41 elementor-widget elementor-widget-image\" data-id=\"432ab41\" data-element_type=\"widget\" data-widget_type=\"image.default\">\n\t\t\t\t<div class=\"elementor-widget-container\">\n\t\t\t\t\t\t\t\t\t\t\t\t\t\t\t<img fetchpriority=\"high\" decoding=\"async\" width=\"1658\" height=\"306\" src=\"https:\/\/fernandeschristofaro.com.br\/s.v05ak9q7\/2022\/02\/fca-edutech-180412.png\" class=\"attachment-full size-full wp-image-1877\" alt=\"\" srcset=\"https:\/\/fernandeschristofaro.com.br\/s.v05ak9q7\/2022\/02\/fca-edutech-180412.png 1658w, https:\/\/fernandeschristofaro.com.br\/s.v05ak9q7\/2022\/02\/fca-edutech-180412-300x55.png 300w, https:\/\/fernandeschristofaro.com.br\/s.v05ak9q7\/2022\/02\/fca-edutech-180412-1024x189.png 1024w, https:\/\/fernandeschristofaro.com.br\/s.v05ak9q7\/2022\/02\/fca-edutech-180412-768x142.png 768w, https:\/\/fernandeschristofaro.com.br\/s.v05ak9q7\/2022\/02\/fca-edutech-180412-1536x283.png 1536w, https:\/\/fernandeschristofaro.com.br\/s.v05ak9q7\/2022\/02\/fca-edutech-180412-400x74.png 400w, https:\/\/fernandeschristofaro.com.br\/s.v05ak9q7\/2022\/02\/fca-edutech-180412-624x115.png 624w, https:\/\/fernandeschristofaro.com.br\/s.v05ak9q7\/2022\/02\/fca-edutech-180412-50x9.png 50w\" sizes=\"(max-width: 1658px) 100vw, 1658px\" \/>\t\t\t\t\t\t\t\t\t\t\t\t\t\t\t<\/div>\n\t\t\t\t<\/div>\n\t\t\t\t\t<\/div>\n\t\t<\/div>\n\t\t\t\t\t<\/div>\n\t\t<\/section>\n\t\t\t\t<section class=\"elementor-section elementor-inner-section elementor-element elementor-element-a2e0f75 elementor-section-boxed elementor-section-height-default elementor-section-height-default\" data-id=\"a2e0f75\" data-element_type=\"section\">\n\t\t\t\t\t\t<div class=\"elementor-container elementor-column-gap-default\">\n\t\t\t\t\t<div class=\"elementor-column elementor-col-100 elementor-inner-column elementor-element elementor-element-e34baa0\" data-id=\"e34baa0\" data-element_type=\"column\">\n\t\t\t<div class=\"elementor-widget-wrap elementor-element-populated\">\n\t\t\t\t\t\t<div class=\"elementor-element elementor-element-b79715e elementor-widget elementor-widget-text-editor\" data-id=\"b79715e\" data-element_type=\"widget\" data-widget_type=\"text-editor.default\">\n\t\t\t\t<div class=\"elementor-widget-container\">\n\t\t\t\t\t<div class=\"bb-theme-elementor-wrap bb-elementor-custom-color bb-elementor-custom-family\">\t\t\t\t<p><span style=\"font-size: 14px;\">Acreditamos que somente por meio da educa\u00e7\u00e3o ser\u00e1 poss\u00edvel fazer neg\u00f3cios de maneira segura, se posicionar bem no mercado de trabalho e conviver harmonicamente.<\/span><br><\/p>\t\t\t\t<\/div>\t\t\t\t<\/div>\n\t\t\t\t<\/div>\n\t\t\t\t\t<\/div>\n\t\t<\/div>\n\t\t\t\t\t<\/div>\n\t\t<\/section>\n\t\t\t\t\t<\/div>\n\t\t<\/div>\n\t\t\t\t<div class=\"elementor-column elementor-col-25 elementor-top-column elementor-element elementor-element-6ac1ec7\" data-id=\"6ac1ec7\" data-element_type=\"column\">\n\t\t\t<div class=\"elementor-widget-wrap elementor-element-populated\">\n\t\t\t\t\t\t<section class=\"elementor-section elementor-inner-section elementor-element elementor-element-7d06f34 elementor-section-boxed elementor-section-height-default elementor-section-height-default\" data-id=\"7d06f34\" data-element_type=\"section\">\n\t\t\t\t\t\t<div class=\"elementor-container elementor-column-gap-default\">\n\t\t\t\t\t<div class=\"elementor-column elementor-col-100 elementor-inner-column elementor-element elementor-element-9222a70\" data-id=\"9222a70\" data-element_type=\"column\">\n\t\t\t<div class=\"elementor-widget-wrap elementor-element-populated\">\n\t\t\t\t\t\t<div class=\"elementor-element elementor-element-0a7f1fc elementor-widget elementor-widget-text-editor\" data-id=\"0a7f1fc\" data-element_type=\"widget\" data-widget_type=\"text-editor.default\">\n\t\t\t\t<div class=\"elementor-widget-container\">\n\t\t\t\t\t<div class=\"bb-theme-elementor-wrap bb-elementor-custom-color bb-elementor-custom-family bb-elementor-custom-size bb-elementor-custom-line-height\">\t\t\t\tContato\t\t\t\t<\/div>\t\t\t\t<\/div>\n\t\t\t\t<\/div>\n\t\t\t\t<div class=\"elementor-element elementor-element-4f0023a elementor-align-left elementor-mobile-align-center elementor-icon-list--layout-traditional elementor-list-item-link-full_width elementor-widget elementor-widget-icon-list\" data-id=\"4f0023a\" data-element_type=\"widget\" data-widget_type=\"icon-list.default\">\n\t\t\t\t<div class=\"elementor-widget-container\">\n\t\t\t\t\t\t\t<ul class=\"elementor-icon-list-items\">\n\t\t\t\t\t\t\t<li class=\"elementor-icon-list-item\">\n\t\t\t\t\t\t\t\t\t\t\t<a href=\"mailto:contato@fernandeschristofaro.com.br\" target=\"_blank\">\n\n\t\t\t\t\t\t\t\t\t\t\t\t<span class=\"elementor-icon-list-icon\">\n\t\t\t\t\t\t\t<svg aria-hidden=\"true\" class=\"e-font-icon-svg e-fas-mail-bulk\" viewBox=\"0 0 576 512\" xmlns=\"http:\/\/www.w3.org\/2000\/svg\"><path d=\"M160 448c-25.6 0-51.2-22.4-64-32-64-44.8-83.2-60.8-96-70.4V480c0 17.67 14.33 32 32 32h256c17.67 0 32-14.33 32-32V345.6c-12.8 9.6-32 25.6-96 70.4-12.8 9.6-38.4 32-64 32zm128-192H32c-17.67 0-32 14.33-32 32v16c25.6 19.2 22.4 19.2 115.2 86.4 9.6 6.4 28.8 25.6 44.8 25.6s35.2-19.2 44.8-22.4c92.8-67.2 89.6-67.2 115.2-86.4V288c0-17.67-14.33-32-32-32zm256-96H224c-17.67 0-32 14.33-32 32v32h96c33.21 0 60.59 25.42 63.71 57.82l.29-.22V416h192c17.67 0 32-14.33 32-32V192c0-17.67-14.33-32-32-32zm-32 128h-64v-64h64v64zm-352-96c0-35.29 28.71-64 64-64h224V32c0-17.67-14.33-32-32-32H96C78.33 0 64 14.33 64 32v192h96v-32z\"><\/path><\/svg>\t\t\t\t\t\t<\/span>\n\t\t\t\t\t\t\t\t\t\t<span class=\"elementor-icon-list-text\">contato@fernandeschristofaro.com.br<\/span>\n\t\t\t\t\t\t\t\t\t\t\t<\/a>\n\t\t\t\t\t\t\t\t\t<\/li>\n\t\t\t\t\t\t\t\t<li class=\"elementor-icon-list-item\">\n\t\t\t\t\t\t\t\t\t\t\t<a href=\"https:\/\/wa.me\/551123385161\" target=\"_blank\">\n\n\t\t\t\t\t\t\t\t\t\t\t\t<span class=\"elementor-icon-list-icon\">\n\t\t\t\t\t\t\t<svg aria-hidden=\"true\" class=\"e-font-icon-svg e-fab-whatsapp\" viewBox=\"0 0 448 512\" xmlns=\"http:\/\/www.w3.org\/2000\/svg\"><path d=\"M380.9 97.1C339 55.1 283.2 32 223.9 32c-122.4 0-222 99.6-222 222 0 39.1 10.2 77.3 29.6 111L0 480l117.7-30.9c32.4 17.7 68.9 27 106.1 27h.1c122.3 0 224.1-99.6 224.1-222 0-59.3-25.2-115-67.1-157zm-157 341.6c-33.2 0-65.7-8.9-94-25.7l-6.7-4-69.8 18.3L72 359.2l-4.4-7c-18.5-29.4-28.2-63.3-28.2-98.2 0-101.7 82.8-184.5 184.6-184.5 49.3 0 95.6 19.2 130.4 54.1 34.8 34.9 56.2 81.2 56.1 130.5 0 101.8-84.9 184.6-186.6 184.6zm101.2-138.2c-5.5-2.8-32.8-16.2-37.9-18-5.1-1.9-8.8-2.8-12.5 2.8-3.7 5.6-14.3 18-17.6 21.8-3.2 3.7-6.5 4.2-12 1.4-32.6-16.3-54-29.1-75.5-66-5.7-9.8 5.7-9.1 16.3-30.3 1.8-3.7.9-6.9-.5-9.7-1.4-2.8-12.5-30.1-17.1-41.2-4.5-10.8-9.1-9.3-12.5-9.5-3.2-.2-6.9-.2-10.6-.2-3.7 0-9.7 1.4-14.8 6.9-5.1 5.6-19.4 19-19.4 46.3 0 27.3 19.9 53.7 22.6 57.4 2.8 3.7 39.1 59.7 94.8 83.8 35.2 15.2 49 16.5 66.6 13.9 10.7-1.6 32.8-13.4 37.4-26.4 4.6-13 4.6-24.1 3.2-26.4-1.3-2.5-5-3.9-10.5-6.6z\"><\/path><\/svg>\t\t\t\t\t\t<\/span>\n\t\t\t\t\t\t\t\t\t\t<span class=\"elementor-icon-list-text\">+55 (11) 2338-5161<\/span>\n\t\t\t\t\t\t\t\t\t\t\t<\/a>\n\t\t\t\t\t\t\t\t\t<\/li>\n\t\t\t\t\t\t<\/ul>\n\t\t\t\t\t\t<\/div>\n\t\t\t\t<\/div>\n\t\t\t\t<div class=\"elementor-element elementor-element-a99143d elementor-widget elementor-widget-text-editor\" data-id=\"a99143d\" data-element_type=\"widget\" data-widget_type=\"text-editor.default\">\n\t\t\t\t<div class=\"elementor-widget-container\">\n\t\t\t\t\t<div class=\"bb-theme-elementor-wrap bb-elementor-custom-color bb-elementor-custom-family bb-elementor-custom-size\">\t\t\t\t<p>Segunda a sexta-feira, das 9h \u00e0s 18h<\/p>\t\t\t\t<\/div>\t\t\t\t<\/div>\n\t\t\t\t<\/div>\n\t\t\t\t\t<\/div>\n\t\t<\/div>\n\t\t\t\t\t<\/div>\n\t\t<\/section>\n\t\t\t\t\t<\/div>\n\t\t<\/div>\n\t\t\t\t<div class=\"elementor-column elementor-col-25 elementor-top-column elementor-element elementor-element-c98ef45\" data-id=\"c98ef45\" data-element_type=\"column\">\n\t\t\t<div class=\"elementor-widget-wrap elementor-element-populated\">\n\t\t\t\t\t\t<section class=\"elementor-section elementor-inner-section elementor-element elementor-element-9daacdf elementor-section-boxed elementor-section-height-default elementor-section-height-default\" data-id=\"9daacdf\" data-element_type=\"section\">\n\t\t\t\t\t\t<div class=\"elementor-container elementor-column-gap-default\">\n\t\t\t\t\t<div class=\"elementor-column elementor-col-100 elementor-inner-column elementor-element elementor-element-c003c32\" data-id=\"c003c32\" data-element_type=\"column\">\n\t\t\t<div class=\"elementor-widget-wrap elementor-element-populated\">\n\t\t\t\t\t\t<div class=\"elementor-element elementor-element-fee4cf4 elementor-widget elementor-widget-text-editor\" data-id=\"fee4cf4\" data-element_type=\"widget\" data-widget_type=\"text-editor.default\">\n\t\t\t\t<div class=\"elementor-widget-container\">\n\t\t\t\t\t<div class=\"bb-theme-elementor-wrap bb-elementor-custom-color bb-elementor-custom-family bb-elementor-custom-size bb-elementor-custom-line-height\">\t\t\t\tEndere\u00e7o\t\t\t\t<\/div>\t\t\t\t<\/div>\n\t\t\t\t<\/div>\n\t\t\t\t<div class=\"elementor-element elementor-element-e3ccbdb elementor-align-left elementor-mobile-align-center elementor-icon-list--layout-traditional elementor-list-item-link-full_width elementor-widget elementor-widget-icon-list\" data-id=\"e3ccbdb\" data-element_type=\"widget\" data-widget_type=\"icon-list.default\">\n\t\t\t\t<div class=\"elementor-widget-container\">\n\t\t\t\t\t\t\t<ul class=\"elementor-icon-list-items\">\n\t\t\t\t\t\t\t<li class=\"elementor-icon-list-item\">\n\t\t\t\t\t\t\t\t\t\t<span class=\"elementor-icon-list-text\">Rua Maria Curupaiti, 441<br> Conjunto 2008-D<\/span>\n\t\t\t\t\t\t\t\t\t<\/li>\n\t\t\t\t\t\t<\/ul>\n\t\t\t\t\t\t<\/div>\n\t\t\t\t<\/div>\n\t\t\t\t<div class=\"elementor-element elementor-element-1a73be0 elementor-widget elementor-widget-text-editor\" data-id=\"1a73be0\" data-element_type=\"widget\" data-widget_type=\"text-editor.default\">\n\t\t\t\t<div class=\"elementor-widget-container\">\n\t\t\t\t\t<div class=\"bb-theme-elementor-wrap bb-elementor-custom-color bb-elementor-custom-family bb-elementor-custom-size\">\t\t\t\t<p>Santana<br \/>S\u00e3o Paulo &#8211; SP<\/p>\t\t\t\t<\/div>\t\t\t\t<\/div>\n\t\t\t\t<\/div>\n\t\t\t\t\t<\/div>\n\t\t<\/div>\n\t\t\t\t\t<\/div>\n\t\t<\/section>\n\t\t\t\t\t<\/div>\n\t\t<\/div>\n\t\t\t\t<div class=\"elementor-column elementor-col-25 elementor-top-column elementor-element elementor-element-74c73f1\" data-id=\"74c73f1\" data-element_type=\"column\">\n\t\t\t<div class=\"elementor-widget-wrap elementor-element-populated\">\n\t\t\t\t\t\t<section class=\"elementor-section elementor-inner-section elementor-element elementor-element-c7f3875 elementor-section-boxed elementor-section-height-default elementor-section-height-default\" data-id=\"c7f3875\" data-element_type=\"section\">\n\t\t\t\t\t\t<div class=\"elementor-container elementor-column-gap-default\">\n\t\t\t\t\t<div class=\"elementor-column elementor-col-100 elementor-inner-column elementor-element elementor-element-f2f3588\" data-id=\"f2f3588\" data-element_type=\"column\">\n\t\t\t<div class=\"elementor-widget-wrap elementor-element-populated\">\n\t\t\t\t\t\t<div class=\"elementor-element elementor-element-80d6bd6 elementor-widget elementor-widget-text-editor\" data-id=\"80d6bd6\" data-element_type=\"widget\" data-widget_type=\"text-editor.default\">\n\t\t\t\t<div class=\"elementor-widget-container\">\n\t\t\t\t\t<div class=\"bb-theme-elementor-wrap bb-elementor-custom-color bb-elementor-custom-family bb-elementor-custom-size bb-elementor-custom-line-height\">\t\t\t\tRedes Sociais\t\t\t\t<\/div>\t\t\t\t<\/div>\n\t\t\t\t<\/div>\n\t\t\t\t\t<\/div>\n\t\t<\/div>\n\t\t\t\t\t<\/div>\n\t\t<\/section>\n\t\t\t\t<div class=\"elementor-element elementor-element-25ec3ca elementor-nav-menu__align-start elementor-nav-menu__text-align-center elementor-nav-menu--dropdown-tablet elementor-widget elementor-widget-nav-menu\" data-id=\"25ec3ca\" data-element_type=\"widget\" data-settings=\"{&quot;layout&quot;:&quot;vertical&quot;,&quot;submenu_icon&quot;:{&quot;value&quot;:&quot;&lt;i class=\\&quot;\\&quot;&gt;&lt;\\\/i&gt;&quot;,&quot;library&quot;:&quot;&quot;}}\" data-widget_type=\"nav-menu.default\">\n\t\t\t\t<div class=\"elementor-widget-container\">\n\t\t\t\t\t\t\t\t<nav aria-label=\"Menu\" class=\"elementor-nav-menu--main elementor-nav-menu__container elementor-nav-menu--layout-vertical e--pointer-none\">\n\t\t\t\t<ul id=\"menu-1-25ec3ca\" class=\"elementor-nav-menu sm-vertical\"><li class=\"menu-item menu-item-type-custom menu-item-object-custom menu-item-1630\"><a href=\"#\" class=\"elementor-item elementor-item-anchor\"><i class=\"_mi _before fa fa-facebook-square\" aria-hidden=\"true\"><\/i><span>Facebook<\/span><\/a><\/li>\n<li class=\"menu-item menu-item-type-custom menu-item-object-custom menu-item-1631\"><a href=\"#\" class=\"elementor-item elementor-item-anchor\"><i class=\"_mi _before fa fa-instagram\" aria-hidden=\"true\"><\/i><span>Instagram<\/span><\/a><\/li>\n<li class=\"menu-item menu-item-type-custom menu-item-object-custom menu-item-1632\"><a href=\"#\" class=\"elementor-item elementor-item-anchor\"><i class=\"_mi _before fa fa-youtube\" aria-hidden=\"true\"><\/i><span>Youtube<\/span><\/a><\/li>\n<\/ul>\t\t\t<\/nav>\n\t\t\t\t\t\t<nav class=\"elementor-nav-menu--dropdown elementor-nav-menu__container\" aria-hidden=\"true\">\n\t\t\t\t<ul id=\"menu-2-25ec3ca\" class=\"elementor-nav-menu sm-vertical\"><li class=\"menu-item menu-item-type-custom menu-item-object-custom menu-item-1630\"><a href=\"#\" class=\"elementor-item elementor-item-anchor\" tabindex=\"-1\"><i class=\"_mi _before fa fa-facebook-square\" aria-hidden=\"true\"><\/i><span>Facebook<\/span><\/a><\/li>\n<li class=\"menu-item menu-item-type-custom menu-item-object-custom menu-item-1631\"><a href=\"#\" class=\"elementor-item elementor-item-anchor\" tabindex=\"-1\"><i class=\"_mi _before fa fa-instagram\" aria-hidden=\"true\"><\/i><span>Instagram<\/span><\/a><\/li>\n<li class=\"menu-item menu-item-type-custom menu-item-object-custom menu-item-1632\"><a href=\"#\" class=\"elementor-item elementor-item-anchor\" tabindex=\"-1\"><i class=\"_mi _before fa fa-youtube\" aria-hidden=\"true\"><\/i><span>Youtube<\/span><\/a><\/li>\n<\/ul>\t\t\t<\/nav>\n\t\t\t\t\t\t<\/div>\n\t\t\t\t<\/div>\n\t\t\t\t\t<\/div>\n\t\t<\/div>\n\t\t\t\t\t<\/div>\n\t\t<\/section>\n\t\t\t\t<\/div>\n\t\t<\/div>\n\t\t\t\t\t\t<\/div>\n\t\t\t\t<\/div>\n\t\t\t\t\t<\/div>\n\t\t<\/div>\n\t\t\t\t\t<\/div>\n\t\t<\/section>\n\t\t\t\t<\/div>\n\t\t","protected":false},"excerpt":{"rendered":"<p>Confira nota da ANPD sobre as poss\u00edveis puni\u00e7\u00f5es \u00e0s empresas que n\u00e3o se adequaram \u00e0 Lei Geral de Prote\u00e7\u00e3o de Dados (LGPD)<\/p>\n","protected":false},"author":56,"featured_media":2309,"comment_status":"closed","ping_status":"closed","sticky":false,"template":"elementor_canvas","format":"standard","meta":{"footnotes":""},"categories":[88],"tags":[],"class_list":["post-2308","post","type-post","status-publish","format-standard","has-post-thumbnail","hentry","category-artigos"],"_links":{"self":[{"href":"https:\/\/fernandeschristofaro.com.br\/api\/wp\/v2\/posts\/2308","targetHints":{"allow":["GET"]}}],"collection":[{"href":"https:\/\/fernandeschristofaro.com.br\/api\/wp\/v2\/posts"}],"about":[{"href":"https:\/\/fernandeschristofaro.com.br\/api\/wp\/v2\/types\/post"}],"author":[{"embeddable":true,"href":"https:\/\/fernandeschristofaro.com.br\/api\/wp\/v2\/users\/56"}],"replies":[{"embeddable":true,"href":"https:\/\/fernandeschristofaro.com.br\/api\/wp\/v2\/comments?post=2308"}],"version-history":[{"count":3,"href":"https:\/\/fernandeschristofaro.com.br\/api\/wp\/v2\/posts\/2308\/revisions"}],"predecessor-version":[{"id":5419,"href":"https:\/\/fernandeschristofaro.com.br\/api\/wp\/v2\/posts\/2308\/revisions\/5419"}],"wp:featuredmedia":[{"embeddable":true,"href":"https:\/\/fernandeschristofaro.com.br\/api\/wp\/v2\/media\/2309"}],"wp:attachment":[{"href":"https:\/\/fernandeschristofaro.com.br\/api\/wp\/v2\/media?parent=2308"}],"wp:term":[{"taxonomy":"category","embeddable":true,"href":"https:\/\/fernandeschristofaro.com.br\/api\/wp\/v2\/categories?post=2308"},{"taxonomy":"post_tag","embeddable":true,"href":"https:\/\/fernandeschristofaro.com.br\/api\/wp\/v2\/tags?post=2308"}],"curies":[{"name":"wp","href":"https:\/\/api.w.org\/{rel}","templated":true}]}}